{"id":127655,"date":"2022-10-28T13:07:52","date_gmt":"2022-10-28T11:07:52","guid":{"rendered":"https:\/\/www.messinaoggi.it\/website\/2022\/10\/28\/operato-pablo-mari-galliani-chiesto-il-rinvio-di-monza-bologna\/"},"modified":"2022-10-28T13:07:52","modified_gmt":"2022-10-28T11:07:52","slug":"operato-pablo-mari-galliani-chiesto-il-rinvio-di-monza-bologna","status":"publish","type":"post","link":"https:\/\/www.messinaoggi.it\/website\/2022\/10\/28\/operato-pablo-mari-galliani-chiesto-il-rinvio-di-monza-bologna\/","title":{"rendered":"Operato Pablo Mar\u00ec, Galliani \u201cChiesto il rinvio di Monza-Bologna\u201d"},"content":{"rendered":"<div>MILANO (ITALPRESS) &#8211; E&#8217; terminata l&#8217;operazione chirurgica a cui \u00e8 stato sottoposto Pablo Mar\u00ec all&#8217;ospedale Niguarda di Milano. Il difensore spagnolo del Monza \u00e8 stato accoltellato ieri sera da un folle all&#8217;interno dell&#8217;ipermercato Carrefour del centro commerciale Milanofiori di Assago. L&#8217;intervento odierno ha previsto &#8220;la sutura delle ferite, non profonde&#8221;, riportate alla schiena dal calciatore. &#8220;Gli specialisti della Chirurgia Generale- Trauma Team dell&#8217;Ospedale Niguarda di Milano hanno effettuato stamattina l&#8217;intervento di ricostruzione dei due muscoli lesionati sulla schiena di Pablo Mar\u00ec &#8211; si legge nel comunicato ufficiale diffuso dal Niguarda -. L&#8217;intervento \u00e8 andato bene e si prevede un ricovero ospedaliero di due o tre giorni. Dopo le dimissioni, il calciatore potr\u00e0 iniziare un percorso di riabilitazione. Questo tipo di lesioni muscolari richiede di norma due mesi di riposo prima di poter riprendere le attivit\u00e0 fisiche&#8221;. Mar\u00ec \u00e8 stato colpito alla schiena mentre faceva la spesa con la moglie e il figlio di 4 anni. L&#8217;aggressore, un 46enne con disturbi psichici, ha ferito altre 5 persone, di cui un dipendente del Carrefour, deceduto.<br \/>Sempre al fianco del difensore, al Niguarda, l&#8217;amministratore delegato del Monza, Adriano Galliani. &#8220;La squadra \u00e8 sotto shock, abbiamo chiesto il rinvio della partita di luned\u00ec &#8211; il riferimento alla sfida col Bologna &#8211; Ora vediamo cosa succede. In squadra piangevano tutti, volevano venire qui, li abbiamo fermati noi &#8211; racconta il dirigente &#8211; La squadra \u00e8 sotto shock, abbiamo uno spogliatoio coeso e unito dove tutti sono amici&#8221;. Per quanto riguarda il difensore spagnolo, &#8220;lo ha aiutato l&#8217;essere atleta e avere i muscoli forti&#8221;, rivela l&#8217;ad dei brianzoli: il coltello, infatti, non \u00e8 riuscito ad arrivare a trapassare la gabbia torarica e a interessare il polmone. L&#8217;operazione di oggi ha permesso la ricostruzione di due ventri muscolari, il difensore dovr\u00e0 stare a riposo per due mesi per cui &#8220;ce ne vorranno tre in tutto prima di vederlo in campo&#8221;, la previsione di Galliani.<br \/>&#8211; foto LivePhotoSport &#8211; <br \/>(ITALPRESS).<\/div>\n<div id=\"div-gpt-ad-Messinaoggi.it-DSK-300x250-corpoart\" style=\"text-align:center;margin:0 auto;\"><\/div><\/p><div id=\"videoincontent\" style=\"clear:both\";><\/div>","protected":false},"excerpt":{"rendered":"<p>MILANO (ITALPRESS) &#8211; E&#8217; terminata l&#8217;operazione chirurgica a cui \u00e8 stato sottoposto Pablo Mar\u00ec all&#8217;ospedale Niguarda di Milano. Il difensore spagnolo del Monza \u00e8 stato accoltellato ieri sera da un folle all&#8217;interno dell&#8217;ipermercato Carrefour del centro commerciale Milanofiori di Assago. L&#8217;intervento odierno ha previsto &#8220;la sutura delle ferite, non profonde&#8221;, riportate alla schiena dal calciatore. [&hellip;]<\/p>\n","protected":false},"author":18,"featured_media":127656,"comment_status":"closed","ping_status":"closed","sticky":false,"template":"","format":"standard","meta":{"ub_ctt_via":"","_mi_skip_tracking":false},"categories":[446],"tags":[783],"featured_image_src":"https:\/\/www.messinaoggi.it\/website\/wp-content\/uploads\/2022\/10\/20221028_0558.jpg","author_info":{"display_name":"Admin","author_link":"https:\/\/www.messinaoggi.it\/website\/author\/admin\/"},"digistream_id":0,"digistream":false,"_links":{"self":[{"href":"https:\/\/www.messinaoggi.it\/website\/wp-json\/wp\/v2\/posts\/127655"}],"collection":[{"href":"https:\/\/www.messinaoggi.it\/website\/wp-json\/wp\/v2\/posts"}],"about":[{"href":"https:\/\/www.messinaoggi.it\/website\/wp-json\/wp\/v2\/types\/post"}],"author":[{"embeddable":true,"href":"https:\/\/www.messinaoggi.it\/website\/wp-json\/wp\/v2\/users\/18"}],"replies":[{"embeddable":true,"href":"https:\/\/www.messinaoggi.it\/website\/wp-json\/wp\/v2\/comments?post=127655"}],"version-history":[{"count":0,"href":"https:\/\/www.messinaoggi.it\/website\/wp-json\/wp\/v2\/posts\/127655\/revisions"}],"wp:featuredmedia":[{"embeddable":true,"href":"https:\/\/www.messinaoggi.it\/website\/wp-json\/wp\/v2\/media\/127656"}],"wp:attachment":[{"href":"https:\/\/www.messinaoggi.it\/website\/wp-json\/wp\/v2\/media?parent=127655"}],"wp:term":[{"taxonomy":"category","embeddable":true,"href":"https:\/\/www.messinaoggi.it\/website\/wp-json\/wp\/v2\/categories?post=127655"},{"taxonomy":"post_tag","embeddable":true,"href":"https:\/\/www.messinaoggi.it\/website\/wp-json\/wp\/v2\/tags?post=127655"}],"curies":[{"name":"wp","href":"https:\/\/api.w.org\/{rel}","templated":true}]}}