{"id":127640,"date":"2022-10-28T11:07:51","date_gmt":"2022-10-28T09:07:51","guid":{"rendered":"https:\/\/www.messinaoggi.it\/website\/2022\/10\/28\/la-russa-governo-qualificato-nessuna-ambiguita-su-scelta-atlantista\/"},"modified":"2022-10-28T11:07:51","modified_gmt":"2022-10-28T09:07:51","slug":"la-russa-governo-qualificato-nessuna-ambiguita-su-scelta-atlantista","status":"publish","type":"post","link":"https:\/\/www.messinaoggi.it\/website\/2022\/10\/28\/la-russa-governo-qualificato-nessuna-ambiguita-su-scelta-atlantista\/","title":{"rendered":"La Russa \u201cGoverno qualificato, nessuna ambiguit\u00e0 su scelta atlantista\u201d"},"content":{"rendered":"<div>ROMA (ITALPRESS) &#8211; La quadra voluta dalla premier Meloni &#8220;la trovo molto, molto forte e preparata. E&#8217; un governo finalmente politico, con un presidente eletto dal popolo, con ministri importanti espressione dei partiti che hanno ricevuto il consenso dei cittadini e con l&#8217;aggiunta di alcuni tecnici spesso di area, che hanno gi\u00e0 un rapporto con il mondo culturale di chi ha vinto le elezioni. Finalmente dopo anni e anni di governi improvvisati, o con esponenti anche altamente qualificati ma non espressione del voto popolare, c&#8217;\u00e8 un governo qualificato espressione di quel voto. Se far\u00e0 bene i cittadini lo premieranno, se far\u00e0 male sapranno con chi prendersela&#8221;. Cos\u00ec il presidente del Senato, Ignazio La Russa, in un&#8217;intervista a Il Settimanale.<br \/>\nSar\u00e0 un governo che dura? &#8220;Spero e penso di s\u00ec. So che dovr\u00e0 affrontare problemi che pochi governi hanno avuto, forse \u00e8 un governo che dal dopoguerra non ha precedenti in quanto a difficolt\u00e0 che si trova davanti. Lo sapevamo, da patrioti abbiamo accettato di competere per vincere queste elezioni, le abbiamo vinte e tocca al centrodestra al governo e alla maggioranza dare quelle risposte che i cittadini si aspettano. E&#8217; una prova che fa tremare i polsi ma dalla quale non bisogna sottrarsi&#8221;, aggiunge.<br \/>\nSulla tradizione atlantista italiana, La Russa sottolinea come &#8220;Meloni \u00e8 stata chiara: chi vuole stare in questo governo lo pu\u00f2 fare senza alcuna ambiguit\u00e0 nei confronti della scelta atlantista, della Nato e del sostegno all&#8217;Ucraina. Ha anche detto: o c&#8217;\u00e8 questa scelta da parte di tutti i miei ministri o piuttosto non faccio il governo. Pi\u00f9 chiaro di cos\u00ec non pu\u00f2 essere quindi non c&#8217;\u00e8 continuit\u00e0, c&#8217;\u00e8 un passo avanti&#8221;.<br \/>\nQuanto alla riforma del presidenzialismo, per la seconda carica dello Srato &#8220;si deve fare perch\u00e8 \u00e8 un impegno che abbiamo preso con i nostri elettori. Si far\u00e0 nel confronto con tutte le forze politiche; si potr\u00e0 usare il sistema della bicamerale, addirittura &#8211; se fosse necessario &#8211; votare una legge costituzionale che rinvia la scelta a un&#8217;assemblea costituente. Se invece non trovassimo una volont\u00e0 vera di collaborare per scegliere la migliore riforma possibile assieme alle opposizioni a quel punto non ci fermeremmo e il sistema che la Costituzione ha previsto per essere modificata, ovvero l&#8217;articolo 138, potrebbe essere applicato con la maggioranza. Il nostro obiettivo \u00e8 per\u00f2 quello di fare una riforma il pi\u00f9 possibile condivisa con tutte le opposizioni o con quelle che ci staranno&#8221;.<br \/>\n(ITALPRESS).<br \/>\n-foto agenziafotogramma.it-<\/div>\n<div id=\"div-gpt-ad-Messinaoggi.it-DSK-300x250-corpoart\" style=\"text-align:center;margin:0 auto;\"><\/div><\/p><div id=\"videoincontent\" style=\"clear:both\";><\/div>","protected":false},"excerpt":{"rendered":"<p>ROMA (ITALPRESS) &#8211; La quadra voluta dalla premier Meloni &#8220;la trovo molto, molto forte e preparata. E&#8217; un governo finalmente politico, con un presidente eletto dal popolo, con ministri importanti espressione dei partiti che hanno ricevuto il consenso dei cittadini e con l&#8217;aggiunta di alcuni tecnici spesso di area, che hanno gi\u00e0 un rapporto con [&hellip;]<\/p>\n","protected":false},"author":18,"featured_media":127641,"comment_status":"closed","ping_status":"closed","sticky":false,"template":"","format":"standard","meta":{"ub_ctt_via":"","_mi_skip_tracking":false},"categories":[446],"tags":[783],"featured_image_src":"https:\/\/www.messinaoggi.it\/website\/wp-content\/uploads\/2022\/10\/20221028_0180.jpg","author_info":{"display_name":"Admin","author_link":"https:\/\/www.messinaoggi.it\/website\/author\/admin\/"},"digistream_id":0,"digistream":false,"_links":{"self":[{"href":"https:\/\/www.messinaoggi.it\/website\/wp-json\/wp\/v2\/posts\/127640"}],"collection":[{"href":"https:\/\/www.messinaoggi.it\/website\/wp-json\/wp\/v2\/posts"}],"about":[{"href":"https:\/\/www.messinaoggi.it\/website\/wp-json\/wp\/v2\/types\/post"}],"author":[{"embeddable":true,"href":"https:\/\/www.messinaoggi.it\/website\/wp-json\/wp\/v2\/users\/18"}],"replies":[{"embeddable":true,"href":"https:\/\/www.messinaoggi.it\/website\/wp-json\/wp\/v2\/comments?post=127640"}],"version-history":[{"count":0,"href":"https:\/\/www.messinaoggi.it\/website\/wp-json\/wp\/v2\/posts\/127640\/revisions"}],"wp:featuredmedia":[{"embeddable":true,"href":"https:\/\/www.messinaoggi.it\/website\/wp-json\/wp\/v2\/media\/127641"}],"wp:attachment":[{"href":"https:\/\/www.messinaoggi.it\/website\/wp-json\/wp\/v2\/media?parent=127640"}],"wp:term":[{"taxonomy":"category","embeddable":true,"href":"https:\/\/www.messinaoggi.it\/website\/wp-json\/wp\/v2\/categories?post=127640"},{"taxonomy":"post_tag","embeddable":true,"href":"https:\/\/www.messinaoggi.it\/website\/wp-json\/wp\/v2\/tags?post=127640"}],"curies":[{"name":"wp","href":"https:\/\/api.w.org\/{rel}","templated":true}]}}