{"id":127619,"date":"2022-10-28T10:07:52","date_gmt":"2022-10-28T08:07:52","guid":{"rendered":"https:\/\/www.messinaoggi.it\/website\/2022\/10\/28\/carabiniere-uccide-il-suo-comandante-nel-comasco-arrestato-dopo-blitz\/"},"modified":"2022-10-28T10:07:52","modified_gmt":"2022-10-28T08:07:52","slug":"carabiniere-uccide-il-suo-comandante-nel-comasco-arrestato-dopo-blitz","status":"publish","type":"post","link":"https:\/\/www.messinaoggi.it\/website\/2022\/10\/28\/carabiniere-uccide-il-suo-comandante-nel-comasco-arrestato-dopo-blitz\/","title":{"rendered":"Carabiniere uccide il suo comandante nel Comasco, arrestato dopo blitz"},"content":{"rendered":"<div>COMO (ITALPRESS) &#8211; Notte di negoziazione ad Asso, in provincia di Como dopo che ieri un carabiniere ha sparato contro il suo comandante e poi si \u00e8 barricato all&#8217;interno della caserma.<br \/>L&#8217;epilogo della vicenda si \u00e8 avuto intorno all&#8217;alba di oggi, quando un team del GIS ha effettuato un blitz con un&#8217;unit\u00e0 cinofila d&#8217;assalto bloccando e disarmando il brigadiere che si era asserragliato all&#8217;interno della stazione. Prima di essere bloccato, l&#8217;uomo \u00e8 riuscito a esplodere un colpo ferendo in maniera non grave, al ginocchio, un operatore del GIS, subito soccorso dai sanitari gi\u00e0 presenti sul posto. Morto il luogotenente Doriano Furceri, comandante della stazione. <br \/>Il brigadiere, che sembra soffrisse di problemi psichici, era stato riammesso in servizio a seguito del giudizio di una commissione medico ospedaliera esterna all&#8217;Arma e dopo una copiosa documentazione medico sanitaria di una struttura ospedaliera pubblica. &#8220;I tragici accadimenti avvenuti all&#8217;interno della stazione Carabinieri di Asso in provincia di Como addolorano profondamente tutta l&#8217;Arma&#8221;, scrive il comandante generale Teo Luzi che a nome di tutti i carabinieri, si stringe attorno alla famiglia della vittima, garantendo la &#8220;massima trasparenza nell&#8217;accertamento dei fatti&#8221;.<br \/>(ITALPRESS).<br \/>&#8211; foto ufficio stampa Carabinieri-<\/div>\n<div id=\"div-gpt-ad-Messinaoggi.it-DSK-300x250-corpoart\" style=\"text-align:center;margin:0 auto;\"><\/div><\/p><div id=\"videoincontent\" style=\"clear:both\";><\/div>","protected":false},"excerpt":{"rendered":"<p>COMO (ITALPRESS) &#8211; Notte di negoziazione ad Asso, in provincia di Como dopo che ieri un carabiniere ha sparato contro il suo comandante e poi si \u00e8 barricato all&#8217;interno della caserma.L&#8217;epilogo della vicenda si \u00e8 avuto intorno all&#8217;alba di oggi, quando un team del GIS ha effettuato un blitz con un&#8217;unit\u00e0 cinofila d&#8217;assalto bloccando e [&hellip;]<\/p>\n","protected":false},"author":18,"featured_media":127620,"comment_status":"closed","ping_status":"closed","sticky":false,"template":"","format":"standard","meta":{"ub_ctt_via":"","_mi_skip_tracking":false},"categories":[446],"tags":[783],"featured_image_src":"https:\/\/www.messinaoggi.it\/website\/wp-content\/uploads\/2022\/10\/20221028_0148.jpg","author_info":{"display_name":"Admin","author_link":"https:\/\/www.messinaoggi.it\/website\/author\/admin\/"},"digistream_id":0,"digistream":false,"_links":{"self":[{"href":"https:\/\/www.messinaoggi.it\/website\/wp-json\/wp\/v2\/posts\/127619"}],"collection":[{"href":"https:\/\/www.messinaoggi.it\/website\/wp-json\/wp\/v2\/posts"}],"about":[{"href":"https:\/\/www.messinaoggi.it\/website\/wp-json\/wp\/v2\/types\/post"}],"author":[{"embeddable":true,"href":"https:\/\/www.messinaoggi.it\/website\/wp-json\/wp\/v2\/users\/18"}],"replies":[{"embeddable":true,"href":"https:\/\/www.messinaoggi.it\/website\/wp-json\/wp\/v2\/comments?post=127619"}],"version-history":[{"count":0,"href":"https:\/\/www.messinaoggi.it\/website\/wp-json\/wp\/v2\/posts\/127619\/revisions"}],"wp:featuredmedia":[{"embeddable":true,"href":"https:\/\/www.messinaoggi.it\/website\/wp-json\/wp\/v2\/media\/127620"}],"wp:attachment":[{"href":"https:\/\/www.messinaoggi.it\/website\/wp-json\/wp\/v2\/media?parent=127619"}],"wp:term":[{"taxonomy":"category","embeddable":true,"href":"https:\/\/www.messinaoggi.it\/website\/wp-json\/wp\/v2\/categories?post=127619"},{"taxonomy":"post_tag","embeddable":true,"href":"https:\/\/www.messinaoggi.it\/website\/wp-json\/wp\/v2\/tags?post=127619"}],"curies":[{"name":"wp","href":"https:\/\/api.w.org\/{rel}","templated":true}]}}