{"id":127617,"date":"2022-10-28T10:10:39","date_gmt":"2022-10-28T08:10:39","guid":{"rendered":"http:\/\/www.messinaoggi.it\/website\/?p=127617"},"modified":"2022-10-28T10:10:41","modified_gmt":"2022-10-28T08:10:41","slug":"aeroporto-del-mela-pinsone-il-progetto-gia-esiste","status":"publish","type":"post","link":"https:\/\/www.messinaoggi.it\/website\/2022\/10\/28\/aeroporto-del-mela-pinsone-il-progetto-gia-esiste\/","title":{"rendered":"Aeroporto del Mela, Pinsone: &#8220;Il progetto gi\u00e0 esiste&#8221;"},"content":{"rendered":"\n<p>Il tema dei trasporti e dello sviluppo di Messina e, in generale della Sicilia, sta animando il dibattito politico. Nei giorni scorsi, a rilanciare l&#8217;argomento \u00e8 stato il senatore della Lega, Nino Germ\u00e0, che ha sottolineato l&#8217;importanza di una nuova aerostazione da realizzarsi nella valle del Mela.<div id=\"div-gpt-ad-Messinaoggi.it-DSK-300x250-corpoart\" style=\"text-align:center;margin:0 auto;\"><\/div><\/p>\n\n\n\n<p>&#8220;Coster\u00e0 circo 300 milioni di euro e registrer\u00e0 un traffico stimato di un milione e quattrocentomila passeggeri l\u2019anno,\u00a0<strong>l\u2019aeroporto della Valle del Niceto,<\/strong>\u00a0sul cui progetto convergono le volont\u00e0 dei comuni di San Pier Niceto, Pace del Mela e Monforte San Giorgio, che hanno gi\u00e0 firmato le delibere di cessione dei siti.\u00a0<strong>Lo dichiaravo oltre un anno fa &#8211;<\/strong>\u00a0spiega\u00a0\u00a0<strong>Lucia Pinsone<\/strong>, presidente di Vox Populi \u2013 al termine della presentazione alla stampa del progetto dettagliato&#8221;.<div id=\"videoincontent\" style=\"clear:both\";><\/div><\/p>\n\n\n\n<p>La Pinsone sottolinea che l&#8217;interlocuzione con i sindaci del comprensorio sia stata portata avanti negli scorsi anni,<\/p>\n\n\n\n<p>&#8220;Dopo un lavoro complesso, portato avanti con i sindaci di Monforte San Giorgio, Pace del Mela e\u00a0\u00a0San Pier Niceto e ai delegati del governo maltese, annunciavo\u00a0\u00a0soddisfatta un progetto articolato che render\u00e0 il Messinese la punta di diamante dei flussi turistici e del trasporto merci della Sicilia intera, non solo dei circa 627 mila residenti nella provincia di Messina, tagliati fuori dalla zoppicante rete di trasporti siciliana.<\/p>\n\n\n\n<p>Accanto al progetto, lo ribadisco, esistono le delibere dei comuni del comprensorio che si impegnano a mettere a disposizione il sito, esiste l\u2019impegno del governo maltese ad utilizzare lo scalo con Air Malta ed esistono, soprattutto, i fondi privati messi a disposizione da holding internazionali.<\/p>\n\n\n\n<p>L\u2019impegno dei tecnici di Vox Populi aveva messo insieme investitori, volont\u00e0 politica del territorio, i primi fruitori internazionali: mancavano soltanto le istituzioni nazionali e regionali che per\u00f2, per non smentire l\u2019ignavia storica  di tutti gli anni in cui si \u00e8 parlato invano della necessit\u00e0 di un aeroporto nel Messinese, hanno continuato a tacere.<\/p>\n\n\n\n<p>Fino ad oggi, quando apprendo con vivo piacere che la Lega, per bocca del deputato\u00a0\u00a0<strong>Nino German\u00e0<\/strong>, la coglie a sua volta&#8221;.<\/p>\n\n\n\n<p>Poi la Pinsone conclude: &#8220;Che si chiami Aeroporto della Valle del Niceto o del Ponte, purch\u00e9 sia arrivato il momento\u00a0\u00a0di vederlo realizzato, importer\u00e0 poco. Da parte mia \u2013 e so di poter parlare anche a nome del fitto cartello di enti e istituzioni che hanno collaborato al progetto \u2013 sar\u00f2 lieta di metterne la documentazione completa\u00a0\u00a0a disposizione dei referenti istituzionali che intenderanno dare vita al nostro aeroporto\u201d.<\/p>\n","protected":false},"excerpt":{"rendered":"<p>Il tema dei trasporti e dello sviluppo di Messina e, in generale della Sicilia, sta animando il dibattito politico. Nei giorni scorsi, a rilanciare l&#8217;argomento \u00e8 stato il senatore della Lega, Nino Germ\u00e0, che ha sottolineato l&#8217;importanza di una nuova aerostazione da realizzarsi nella valle del Mela. &#8220;Coster\u00e0 circo 300 milioni di euro e registrer\u00e0 [&hellip;]<\/p>\n","protected":false},"author":2,"featured_media":127623,"comment_status":"open","ping_status":"open","sticky":false,"template":"","format":"standard","meta":{"ub_ctt_via":"","_mi_skip_tracking":false},"categories":[19],"tags":[5222,719,5223,1082,91],"featured_image_src":"https:\/\/www.messinaoggi.it\/website\/wp-content\/uploads\/2022\/10\/particolare-esterno-aerostazione.bmp","author_info":{"display_name":"Redazione","author_link":"https:\/\/www.messinaoggi.it\/website\/author\/redazione\/"},"digistream_id":0,"digistream":false,"_links":{"self":[{"href":"https:\/\/www.messinaoggi.it\/website\/wp-json\/wp\/v2\/posts\/127617"}],"collection":[{"href":"https:\/\/www.messinaoggi.it\/website\/wp-json\/wp\/v2\/posts"}],"about":[{"href":"https:\/\/www.messinaoggi.it\/website\/wp-json\/wp\/v2\/types\/post"}],"author":[{"embeddable":true,"href":"https:\/\/www.messinaoggi.it\/website\/wp-json\/wp\/v2\/users\/2"}],"replies":[{"embeddable":true,"href":"https:\/\/www.messinaoggi.it\/website\/wp-json\/wp\/v2\/comments?post=127617"}],"version-history":[{"count":1,"href":"https:\/\/www.messinaoggi.it\/website\/wp-json\/wp\/v2\/posts\/127617\/revisions"}],"predecessor-version":[{"id":127624,"href":"https:\/\/www.messinaoggi.it\/website\/wp-json\/wp\/v2\/posts\/127617\/revisions\/127624"}],"wp:featuredmedia":[{"embeddable":true,"href":"https:\/\/www.messinaoggi.it\/website\/wp-json\/wp\/v2\/media\/127623"}],"wp:attachment":[{"href":"https:\/\/www.messinaoggi.it\/website\/wp-json\/wp\/v2\/media?parent=127617"}],"wp:term":[{"taxonomy":"category","embeddable":true,"href":"https:\/\/www.messinaoggi.it\/website\/wp-json\/wp\/v2\/categories?post=127617"},{"taxonomy":"post_tag","embeddable":true,"href":"https:\/\/www.messinaoggi.it\/website\/wp-json\/wp\/v2\/tags?post=127617"}],"curies":[{"name":"wp","href":"https:\/\/api.w.org\/{rel}","templated":true}]}}