{"id":127598,"date":"2022-10-27T21:02:55","date_gmt":"2022-10-27T19:02:55","guid":{"rendered":"https:\/\/www.messinaoggi.it\/website\/2022\/10\/27\/canadair-precipita-e-si-schianta-sulletna-due-piloti-a-bordo\/"},"modified":"2022-10-27T21:02:55","modified_gmt":"2022-10-27T19:02:55","slug":"canadair-precipita-e-si-schianta-sulletna-due-piloti-a-bordo","status":"publish","type":"post","link":"https:\/\/www.messinaoggi.it\/website\/2022\/10\/27\/canadair-precipita-e-si-schianta-sulletna-due-piloti-a-bordo\/","title":{"rendered":"Canadair precipita e si schianta sull\u2019Etna, due piloti a bordo"},"content":{"rendered":"<div>\n<p>PALERMO (ITALPRESS) \u2013 Un canadair durante le operazioni di spegnimento di un incendio nel territorio di Linguaglossa nel Catanese \u00e8 precipitato mentre stava caricando l\u2019acqua alle pendici dell\u2019Etna. A bordo due piloti.<br \/>\nLa Protezione civile ha reso noto che \u201cil velivolo Canadair 28 dei Vigili del Fuoco, \u00e8 precipitato durante le attivit\u00e0 di spegnimento dell\u2019incendio boschivo in corso sul Monte Calcinera, nel comune di Linguaglossa, provincia di Catania. Dalle prime informazioni, il velivolo sarebbe precipitato a seguito dell\u2019urto della carena contro la costa della montagna. Al momento nell\u2019area sono al lavoro le squadre di ricerca e soccorso\u201d, si legge in una nota.<br \/>\nIl Canadair era decollato da Lamezia Terme, in provincia di Catanzaro, e faceva parte della flotta della Babcock Italia.<br \/>\n\u201cSono rammaricato e molto dispiaciuto per le due vittime dell\u2019incidente di Linguaglossa. Le mie squadre hanno visto precipitare il Canadair, poi il fumo. L\u2019aereo \u00e8 completamente distrutto e sembra che non ci sia nulla da fare\u201d, commenta all\u2019Italpress il direttore della Protezione civile della Sicilia, Salvo Cocina, parlando del canadair precipitato sull\u2019Etna. L\u2019aereo era impegnato nello spegnimento di un incendio su monte Calcinera. \u201cSecondo una prima ricostruzione \u2013 afferma Cocina \u2013 avrebbe sbattuto con un\u2019ala nella montagna andando a fuoco a causa del carburante presente al suo interno\u201d. A bordo del canadair c\u2019erano due piloti. Le squadre della Protezione civile sono sul posto, ma il luogo \u00e8 molto scosceso.<br \/>\n\u201cLe due vittime \u2013 aggiunge -, entrambe della Protezione civile nazionale, erano in servizio per conto della societ\u00e0 appaltante Babcock\u201d.<br \/>\n\u201cLa dinamica \u00e8 da stabilire, il canadair ha impattato sulla montagna per poi precipitare al suolo. Le squadre sono sul posto e stanno cercando di arrivare al relitto dell\u2019aereo. Era una giornata di sole ma non sono in grado di stabilire le condizioni del vento. A bordo vi erano due piloti, il comandante e il vice\u201d, dichiara Luca Cari, portavoce dei vigili del fuoco, a Rainews24.<br \/>\nBabcock Italia, si legge in una nota, \u201cconferma purtroppo che oggi \u00e8 avvenuto un incidente che ha coinvolto un aereo Canadair durante una missione antincendio a Linguaglossa, nel catanese\u201d. Babcock, sottolinea la nota, \u201csta assistendo le autorit\u00e0 locali nelle operazioni di soccorso e la nostra prima priorit\u00e0 \u00e8 fornire supporto alle persone coinvolte nell\u2019incidente e alle loro famiglie. Sulle cause dell\u2019incidente sar\u00e0 effettuata un\u2019indagine approfondita\u201d.<br \/>\n\u201cEsprimo profondo cordoglio per la morte dei due piloti impegnati insieme ai nostri uomini e donne del Corpo forestale della Regione e della Protezione civile in attivit\u00e0 di prevenzione e spegnimento incendi sull\u2019Etna. Sono vicino alle famiglie e ai colleghi di lavoro colpiti da questa tragedia\u201d, afferma il presidente della Regione Siciliana, Renato Schifani, in seguito al terribile incidente che ha distrutto un Canadair in territorio di Linguaglossa, nel Catanese.<br \/>\nCordoglio anche dai sindacati.<br \/>\nIl segretario generale della Cgil Sicilia, Alfio Mannino, esprime il \u201ccordoglio del sindacato\u201d per le vittime dell\u2019incidente alle pendici dell\u2019Etna, dove un canadair \u00e8 precipitato ed esploso dopo avere scaricato acqua su un incendio boschivo. \u201cUn\u2019altra tragedia sul lavoro \u2013 scrive Mannino in una nota \u2013 che lascia sgomenti. Alle famiglie delle vittime la nostra vicinanza e il nostro cordoglio\u201d.<br \/>\n\u201cTutta la segreteria nazionale e in particolare il dipartimento piloti, della Uiltrasporti, esprimono vicinanza alle famiglie del comandante e del primo ufficiale che oggi hanno perso la vita mentre erano impegnati nel lavoro di difesa del territorio e di vite umane. Il canadair \u00e8 tragicamente precipitato alle pendici dell\u2019Etna durante lo spegnimento di un vasto incendio\u201d. E\u2019 quanto si legge in una nota.<br \/>\n\u201cAttendiamo l\u2019esito dell\u2019inchiesta che ci auguriamo venga conclusa al pi\u00f9 presto \u2013 prosegue la nota -. La Uiltrasporti si \u00e8 sempre impegnata e si impegner\u00e0 ancor di pi\u00f9 affinch\u00e9 le istituzioni non rimangano sorde alle richieste di miglioramento delle condizioni di sicurezza del personale navigante del servizio antincendio che ogni giorno rischia la vita per salvare altre vite e per tutelare il patrimonio boschivo e naturalistico  del nostro Paese. Ci stringiamo in una preghiera assieme ai familiari degli amici e colleghi scomparsi\u201d.<br \/>\n\u201cSiamo sgomenti. La tragedia del Canadair precipitato sull\u2019Etna, ci lascia senza fiato. Senza parole. Siamo profondamente addolorati. Per la tragedia in s\u00e9. E perch\u00e9 ancora una volta a perdere la vita sono due lavoratori. I due piloti che, a quanto sembra, sono rimasti vittime della loro coscienza professionale. E del loro lavoro. Alle famiglie e alla loro azienda manifestiamo il cordoglio della Cisl Sicilia e rivolgiamo loro le nostre pi\u00f9 sincere condoglianze\u201d, commenta Sebastiano Cappuccio, segreterio della Cisl Sicilia, alla notizia della tragedia di Linguaglossa.<br \/>\nfoto Corpo Forestale Regione Siciliana<br \/>\n(ITALPRESS).<div id=\"div-gpt-ad-Messinaoggi.it-DSK-300x250-corpoart\" style=\"text-align:center;margin:0 auto;\"><\/div><\/p>\n<\/div>\n<div id=\"videoincontent\" style=\"clear:both\";><\/div>","protected":false},"excerpt":{"rendered":"<p>PALERMO (ITALPRESS) \u2013 Un canadair durante le operazioni di spegnimento di un incendio nel territorio di Linguaglossa nel Catanese \u00e8 precipitato mentre stava caricando l\u2019acqua alle pendici dell\u2019Etna. A bordo due piloti. La Protezione civile ha reso noto che \u201cil velivolo Canadair 28 dei Vigili del Fuoco, \u00e8 precipitato durante le attivit\u00e0 di spegnimento dell\u2019incendio [&hellip;]<\/p>\n","protected":false},"author":18,"featured_media":127599,"comment_status":"closed","ping_status":"closed","sticky":false,"template":"","format":"standard","meta":{"ub_ctt_via":"","_mi_skip_tracking":false},"categories":[2449],"tags":[783],"featured_image_src":"https:\/\/www.messinaoggi.it\/website\/wp-content\/uploads\/2022\/10\/CANADAIR.jpg","author_info":{"display_name":"Admin","author_link":"https:\/\/www.messinaoggi.it\/website\/author\/admin\/"},"digistream_id":0,"digistream":false,"_links":{"self":[{"href":"https:\/\/www.messinaoggi.it\/website\/wp-json\/wp\/v2\/posts\/127598"}],"collection":[{"href":"https:\/\/www.messinaoggi.it\/website\/wp-json\/wp\/v2\/posts"}],"about":[{"href":"https:\/\/www.messinaoggi.it\/website\/wp-json\/wp\/v2\/types\/post"}],"author":[{"embeddable":true,"href":"https:\/\/www.messinaoggi.it\/website\/wp-json\/wp\/v2\/users\/18"}],"replies":[{"embeddable":true,"href":"https:\/\/www.messinaoggi.it\/website\/wp-json\/wp\/v2\/comments?post=127598"}],"version-history":[{"count":0,"href":"https:\/\/www.messinaoggi.it\/website\/wp-json\/wp\/v2\/posts\/127598\/revisions"}],"wp:featuredmedia":[{"embeddable":true,"href":"https:\/\/www.messinaoggi.it\/website\/wp-json\/wp\/v2\/media\/127599"}],"wp:attachment":[{"href":"https:\/\/www.messinaoggi.it\/website\/wp-json\/wp\/v2\/media?parent=127598"}],"wp:term":[{"taxonomy":"category","embeddable":true,"href":"https:\/\/www.messinaoggi.it\/website\/wp-json\/wp\/v2\/categories?post=127598"},{"taxonomy":"post_tag","embeddable":true,"href":"https:\/\/www.messinaoggi.it\/website\/wp-json\/wp\/v2\/tags?post=127598"}],"curies":[{"name":"wp","href":"https:\/\/api.w.org\/{rel}","templated":true}]}}