{"id":12758,"date":"2017-12-10T11:54:00","date_gmt":"2017-12-10T10:54:00","guid":{"rendered":"http:\/\/www.messinaoggi.it\/website\/?p=12758"},"modified":"2017-12-10T11:54:00","modified_gmt":"2017-12-10T10:54:00","slug":"forti-esplosioni-sullo-stromboli-e-allerta-gialla","status":"publish","type":"post","link":"https:\/\/www.messinaoggi.it\/website\/2017\/12\/10\/forti-esplosioni-sullo-stromboli-e-allerta-gialla\/","title":{"rendered":"Esplosioni sullo Stromboli: \u00e8 allerta gialla"},"content":{"rendered":"<p>Nel cratere di Stromboli pi\u00f9 esplosivo delle Eolie \u00e8 allerta gialla. Lo ha deciso il Dipartimento della Protezione civile, in stretto raccordo con la struttura della Regione che da allerta verde che corrisponde all&#8217;attivit\u00e0 ordinaria ha previsto l&#8217;attivazione della fase operativa di &#8220;attenzione&#8221;, secondo quanto previsto dal Piano nazionale di emergenza.<br \/>\nLe reti di monitoraggio hanno registrato, nell&#8217;ultimo periodo, alcune variazioni dei parametri sismici, geochimici e di deformazione di versante.<br \/>\nLa valutazione di allerta \u00e8 basata sulle segnalazioni e sulle valutazioni di pericolosit\u00e0 rese disponibili dai centri di competenza che per lo Stromboli sono l&#8217;Istituto nazionale di geofisica e vulcanologia (Osservatorio Etneo, Osservatorio Vesuviano e Sezione di Palermo) ed il Dipartimento Scienza della Terra dell&#8217;Universit\u00e0 di Firenze.<br \/>\nNonostante tutto, per il Capodanno, \u00e8 boom di prenotazioni, in molti non vogliono perdersi lo spettacolo della natura&#8230;<div id=\"div-gpt-ad-Messinaoggi.it-DSK-300x250-corpoart\" style=\"text-align:center;margin:0 auto;\"><\/div><\/p>\n<div id=\"videoincontent\" style=\"clear:both\";><\/div>","protected":false},"excerpt":{"rendered":"<p>Nel cratere di Stromboli pi\u00f9 esplosivo delle Eolie \u00e8 allerta gialla. Lo ha deciso il Dipartimento della Protezione civile, in stretto raccordo con la struttura della Regione che da allerta verde che corrisponde all&#8217;attivit\u00e0 ordinaria ha previsto l&#8217;attivazione della fase operativa di &#8220;attenzione&#8221;, secondo quanto previsto dal Piano nazionale di emergenza. Le reti di monitoraggio [&hellip;]<\/p>\n","protected":false},"author":2,"featured_media":3232,"comment_status":"closed","ping_status":"open","sticky":false,"template":"","format":"standard","meta":{"ub_ctt_via":"","_mi_skip_tracking":false},"categories":[6],"tags":[],"featured_image_src":"https:\/\/www.messinaoggi.it\/website\/wp-content\/uploads\/2017\/06\/stromboli-2.jpg","author_info":{"display_name":"Redazione","author_link":"https:\/\/www.messinaoggi.it\/website\/author\/redazione\/"},"digistream_id":0,"digistream":false,"_links":{"self":[{"href":"https:\/\/www.messinaoggi.it\/website\/wp-json\/wp\/v2\/posts\/12758"}],"collection":[{"href":"https:\/\/www.messinaoggi.it\/website\/wp-json\/wp\/v2\/posts"}],"about":[{"href":"https:\/\/www.messinaoggi.it\/website\/wp-json\/wp\/v2\/types\/post"}],"author":[{"embeddable":true,"href":"https:\/\/www.messinaoggi.it\/website\/wp-json\/wp\/v2\/users\/2"}],"replies":[{"embeddable":true,"href":"https:\/\/www.messinaoggi.it\/website\/wp-json\/wp\/v2\/comments?post=12758"}],"version-history":[{"count":0,"href":"https:\/\/www.messinaoggi.it\/website\/wp-json\/wp\/v2\/posts\/12758\/revisions"}],"wp:featuredmedia":[{"embeddable":true,"href":"https:\/\/www.messinaoggi.it\/website\/wp-json\/wp\/v2\/media\/3232"}],"wp:attachment":[{"href":"https:\/\/www.messinaoggi.it\/website\/wp-json\/wp\/v2\/media?parent=12758"}],"wp:term":[{"taxonomy":"category","embeddable":true,"href":"https:\/\/www.messinaoggi.it\/website\/wp-json\/wp\/v2\/categories?post=12758"},{"taxonomy":"post_tag","embeddable":true,"href":"https:\/\/www.messinaoggi.it\/website\/wp-json\/wp\/v2\/tags?post=12758"}],"curies":[{"name":"wp","href":"https:\/\/api.w.org\/{rel}","templated":true}]}}