{"id":127543,"date":"2022-10-27T16:07:54","date_gmt":"2022-10-27T14:07:54","guid":{"rendered":"https:\/\/www.messinaoggi.it\/website\/2022\/10\/27\/tavecchio-fiducia-in-abodi-italia-ai-mondiali-2018-con-conte-ct\/"},"modified":"2022-10-27T16:07:54","modified_gmt":"2022-10-27T14:07:54","slug":"tavecchio-fiducia-in-abodi-italia-ai-mondiali-2018-con-conte-ct","status":"publish","type":"post","link":"https:\/\/www.messinaoggi.it\/website\/2022\/10\/27\/tavecchio-fiducia-in-abodi-italia-ai-mondiali-2018-con-conte-ct\/","title":{"rendered":"Tavecchio \u201cFiducia in Abodi, Italia ai Mondiali 2018 con Conte ct\u201d"},"content":{"rendered":"<div>MILANO (ITALPRESS) &#8211; &#8220;E&#8217; una persona perbene, lavoriamo insieme da 15 anni. Porter\u00e0 avanti il discorso della revisione della legge Vezzali sulla questione del vincolo e dei lavoratori sportivi ma c&#8217;\u00e8 anche l&#8217;emergenza impiantistica: \u00e8 un paradosso che siano escluse dal Pnrr le Asd dilettantistiche. Di sicuro Abodi sar\u00e0 il primo sostenitore di questa operazione&#8221;. Lo ha dichiarato Carlo Tavecchio, ex presidente della Figc e attuale numero uno del Comitato Lombardia della Lega Dilettanti, ospite negli studi dell&#8217;agenzia Italpress a Milano, commentando la nomina a ministro dello sport di Andrea Abodi. Con il Mondiale in Qatar alle porte che vedr\u00e0 l&#8217;Italia di nuovo spettatrice, non si pu\u00f2 non fare un passo indietro, allo spareggio con la Svezia e il mancato pass per Russia 2018 che port\u00f2 in seguito anche alle dimissioni di Tavecchio. &#8220;Ma non c&#8217;erano motivi politici per dimettermi, solo di natura sportivo-agonistica &#8211; precisa oggi &#8211; All&#8217;epoca ritenni gravissimo che l&#8217;Italia quattro volte campione del mondo non si fosse qualificata. Nessuno di quelli al comando del Club Italia per\u00f2 si era dimesso e a quel punto ho dovuto prendere una decisione che mi \u00e8 costata molto&#8221;. Tavecchio, che racconta anche di &#8220;scontri personali, anche con Ventura&#8221;, rivendica con orgoglio quanto fatto sotto la sua presidenza. &#8220;La Figc aveva una grossa liquidit\u00e0 economica, avevamo portato il Var e ottenuto 4 squadre in Champions e 4 gare dell&#8217;Europeo 2020 a Roma grazie al sostegno a Ceferin e Infantino&#8221;. Fra i suoi meriti anche il biennio con Antonio Conte ct e il brillante Euro2016, col tecnico salentino che poi salut\u00f2 a fine torneo per andare al Chelsea. &#8220;Se fosse rimasto lui? Saremmo andati ai Mondiali e ce la saremmo giocata&#8221;, non ha dubbi l&#8217;ex numero uno di via Allegri.<br \/>Da numero uno del Comitato Lombardia, si trova a dover gestire la questione del caro bolletta, contro il quale si \u00e8 mosso con largo anticipo. &#8220;Da un anno abbiamo iniziato ad attivare una collaborazione con Eni per l&#8217;efficientamento energetico soprattutto per gli impianti di illuminazione, con un risparmio del 50-60%. Abbiamo un accordo con la Regione Lombardia, il Credito Sportivo e Finlombarda per finanziare un investimento da 60 mila euro con un tasso che dovrebbe essere pari allo zero, in sette anni, che le societ\u00e0 potranno ripagare col risparmio energetico&#8221;. Ma non solo: &#8220;Abbiamo iniziato da due-tre settimane degli incontri on-line con le societ\u00e0 per combattere il cyberbullismo e il bullismo&#8221;. Dall&#8217;ex presidente Figc l&#8217;impegno a mettere a disposizione delle societ\u00e0 &#8220;tutte le risorse regionali e federali per poter far capire la tragedia del web e dei social quando non vengono utilizzati in maniera onesta. Stiamo facendo un&#8217;opera di sensibilizzazione e poi faremo dei corsi di formazione per i dirigenti&#8221;. <br \/>&#8211; foto Italpress &#8211;<br \/>(ITALPRESS).<\/div>\n<div id=\"div-gpt-ad-Messinaoggi.it-DSK-300x250-corpoart\" style=\"text-align:center;margin:0 auto;\"><\/div><\/p><div id=\"videoincontent\" style=\"clear:both\";><\/div>","protected":false},"excerpt":{"rendered":"<p>MILANO (ITALPRESS) &#8211; &#8220;E&#8217; una persona perbene, lavoriamo insieme da 15 anni. Porter\u00e0 avanti il discorso della revisione della legge Vezzali sulla questione del vincolo e dei lavoratori sportivi ma c&#8217;\u00e8 anche l&#8217;emergenza impiantistica: \u00e8 un paradosso che siano escluse dal Pnrr le Asd dilettantistiche. Di sicuro Abodi sar\u00e0 il primo sostenitore di questa operazione&#8221;. [&hellip;]<\/p>\n","protected":false},"author":18,"featured_media":127544,"comment_status":"closed","ping_status":"closed","sticky":false,"template":"","format":"standard","meta":{"ub_ctt_via":"","_mi_skip_tracking":false},"categories":[446],"tags":[783],"featured_image_src":"https:\/\/www.messinaoggi.it\/website\/wp-content\/uploads\/2022\/10\/20221027_1599.jpg","author_info":{"display_name":"Admin","author_link":"https:\/\/www.messinaoggi.it\/website\/author\/admin\/"},"digistream_id":0,"digistream":false,"_links":{"self":[{"href":"https:\/\/www.messinaoggi.it\/website\/wp-json\/wp\/v2\/posts\/127543"}],"collection":[{"href":"https:\/\/www.messinaoggi.it\/website\/wp-json\/wp\/v2\/posts"}],"about":[{"href":"https:\/\/www.messinaoggi.it\/website\/wp-json\/wp\/v2\/types\/post"}],"author":[{"embeddable":true,"href":"https:\/\/www.messinaoggi.it\/website\/wp-json\/wp\/v2\/users\/18"}],"replies":[{"embeddable":true,"href":"https:\/\/www.messinaoggi.it\/website\/wp-json\/wp\/v2\/comments?post=127543"}],"version-history":[{"count":0,"href":"https:\/\/www.messinaoggi.it\/website\/wp-json\/wp\/v2\/posts\/127543\/revisions"}],"wp:featuredmedia":[{"embeddable":true,"href":"https:\/\/www.messinaoggi.it\/website\/wp-json\/wp\/v2\/media\/127544"}],"wp:attachment":[{"href":"https:\/\/www.messinaoggi.it\/website\/wp-json\/wp\/v2\/media?parent=127543"}],"wp:term":[{"taxonomy":"category","embeddable":true,"href":"https:\/\/www.messinaoggi.it\/website\/wp-json\/wp\/v2\/categories?post=127543"},{"taxonomy":"post_tag","embeddable":true,"href":"https:\/\/www.messinaoggi.it\/website\/wp-json\/wp\/v2\/tags?post=127543"}],"curies":[{"name":"wp","href":"https:\/\/api.w.org\/{rel}","templated":true}]}}