{"id":127541,"date":"2022-10-27T16:07:53","date_gmt":"2022-10-27T14:07:53","guid":{"rendered":"https:\/\/www.messinaoggi.it\/website\/2022\/10\/27\/gianluca-di-tondo-designato-nuovo-ceo-di-barilla\/"},"modified":"2022-10-27T16:07:53","modified_gmt":"2022-10-27T14:07:53","slug":"gianluca-di-tondo-designato-nuovo-ceo-di-barilla","status":"publish","type":"post","link":"https:\/\/www.messinaoggi.it\/website\/2022\/10\/27\/gianluca-di-tondo-designato-nuovo-ceo-di-barilla\/","title":{"rendered":"Gianluca Di Tondo designato nuovo Ceo di Barilla"},"content":{"rendered":"<div>PARMA (ITALPRESS) &#8211; A partire da aprile 2023, dopo oltre 10 anni alla guida del Gruppo Barilla, Claudio Colzani lascer\u00e0 l&#8217;incarico di amministratore delegato. L&#8217;incarico verr\u00e0 assunto da Gianluca Di Tondo, gi\u00e0 Group Chief Marketing Officer del Gruppo.<br \/>&#8220;Ringrazio Claudio per questi dieci anni insieme, nei quali ha<br \/>assicurato un&#8217;importante crescita che ha reso il Gruppo Barilla estremamente solido e in grado di guardare con ottimismo alle sfide future. Claudio ha realizzato un forte sviluppo dei mercati internazionali investendo, al contempo, in un percorso di sostenibilit\u00e0 e creando una cultura sempre pi\u00f9 inclusiva, capace di valorizzare le diversit\u00e0&#8221;, ha detto Guido Barilla, presidente del Gruppo. &#8220;A lui va anche uno speciale ringraziamento per come ci ha accompagnato in momenti difficili come la pandemia e per come, ancora oggi, ci sta aiutando nel portare avanti questo percorso di successione Negli ultimi anni &#8211; ha proseguito Barilla &#8211; sono cambiati comportamenti d&#8217;acquisto, modelli lavorativi e canali distribuitivi. Vogliamo essere al centro di questo cambiamento, aprire la nostra finestra sul mondo per rispondere sempre al meglio alle esigenze delle persone. Gianluca Di Tondo, con la sua visione ed esperienza, sapr\u00e0 accompagnare la nostra azienda nel processo di trasformazione necessario per essere ancora pi\u00f9 competitivi nello scenario internazionale&#8221;.<br \/>Di Tondo si \u00e8 detto &#8220;incredibilmente felice, orgoglioso e grato al Cda per questo privilegio. Sono anche consapevole della grande responsabilit\u00e0 e della sfida che mi si prospetta di fronte andando a succedere a Claudio, che nei suoi dieci anni alla guida dell&#8217;azienda ha fatto un lavoro straordinario per portare la Barilla dove \u00e8 oggi. Di sicuro vedo tre priorit\u00e0 principali in cima alla mia agenda: rendere le nostre marche ancora pi\u00f9 forti in Italia e ancora migliori portavoce nel mondo del modo italiano di intendere la gioia del cibo; continuare a coltivare i nostri valori e la nostra diversit\u00e0, per aumentare sempre di pi\u00f9 il senso di appartenenza delle nostre persone ed attrarre nuovi talenti; essere riconosciuti dai consumatori di tutto il mondo come la loro azienda alimentare di fiducia&#8221;.<br \/>(ITALPRESS).<br \/>-foto ufficio stampa Barilla-<\/div>\n<div id=\"div-gpt-ad-Messinaoggi.it-DSK-300x250-corpoart\" style=\"text-align:center;margin:0 auto;\"><\/div><\/p><div id=\"videoincontent\" style=\"clear:both\";><\/div>","protected":false},"excerpt":{"rendered":"<p>PARMA (ITALPRESS) &#8211; A partire da aprile 2023, dopo oltre 10 anni alla guida del Gruppo Barilla, Claudio Colzani lascer\u00e0 l&#8217;incarico di amministratore delegato. L&#8217;incarico verr\u00e0 assunto da Gianluca Di Tondo, gi\u00e0 Group Chief Marketing Officer del Gruppo.&#8220;Ringrazio Claudio per questi dieci anni insieme, nei quali haassicurato un&#8217;importante crescita che ha reso il Gruppo Barilla [&hellip;]<\/p>\n","protected":false},"author":18,"featured_media":127542,"comment_status":"closed","ping_status":"closed","sticky":false,"template":"","format":"standard","meta":{"ub_ctt_via":"","_mi_skip_tracking":false},"categories":[446],"tags":[783],"featured_image_src":"https:\/\/www.messinaoggi.it\/website\/wp-content\/uploads\/2022\/10\/20221027_1567.jpg","author_info":{"display_name":"Admin","author_link":"https:\/\/www.messinaoggi.it\/website\/author\/admin\/"},"digistream_id":0,"digistream":false,"_links":{"self":[{"href":"https:\/\/www.messinaoggi.it\/website\/wp-json\/wp\/v2\/posts\/127541"}],"collection":[{"href":"https:\/\/www.messinaoggi.it\/website\/wp-json\/wp\/v2\/posts"}],"about":[{"href":"https:\/\/www.messinaoggi.it\/website\/wp-json\/wp\/v2\/types\/post"}],"author":[{"embeddable":true,"href":"https:\/\/www.messinaoggi.it\/website\/wp-json\/wp\/v2\/users\/18"}],"replies":[{"embeddable":true,"href":"https:\/\/www.messinaoggi.it\/website\/wp-json\/wp\/v2\/comments?post=127541"}],"version-history":[{"count":0,"href":"https:\/\/www.messinaoggi.it\/website\/wp-json\/wp\/v2\/posts\/127541\/revisions"}],"wp:featuredmedia":[{"embeddable":true,"href":"https:\/\/www.messinaoggi.it\/website\/wp-json\/wp\/v2\/media\/127542"}],"wp:attachment":[{"href":"https:\/\/www.messinaoggi.it\/website\/wp-json\/wp\/v2\/media?parent=127541"}],"wp:term":[{"taxonomy":"category","embeddable":true,"href":"https:\/\/www.messinaoggi.it\/website\/wp-json\/wp\/v2\/categories?post=127541"},{"taxonomy":"post_tag","embeddable":true,"href":"https:\/\/www.messinaoggi.it\/website\/wp-json\/wp\/v2\/tags?post=127541"}],"curies":[{"name":"wp","href":"https:\/\/api.w.org\/{rel}","templated":true}]}}