{"id":127466,"date":"2022-10-27T10:21:21","date_gmt":"2022-10-27T08:21:21","guid":{"rendered":"http:\/\/www.messinaoggi.it\/website\/?p=127466"},"modified":"2022-10-27T10:22:16","modified_gmt":"2022-10-27T08:22:16","slug":"il-tempo-della-citta-e-lora-della-comunita","status":"publish","type":"post","link":"https:\/\/www.messinaoggi.it\/website\/2022\/10\/27\/il-tempo-della-citta-e-lora-della-comunita\/","title":{"rendered":"Il tempo della citt\u00e0 e l&#8217;ora della comunit\u00e0"},"content":{"rendered":"\n<p>Mi piacciono le isole pedonali. Non siano opzione ideologica n\u00e9 spot propagandistico.<div id=\"div-gpt-ad-Messinaoggi.it-DSK-300x250-corpoart\" style=\"text-align:center;margin:0 auto;\"><\/div><\/p>\n\n\n\n<p>Credo che il percorso della Giunta e del Consiglio sia corretto ma non esaustivo.<div id=\"videoincontent\" style=\"clear:both\";><\/div><\/p>\n\n\n\n<p>Mi sembra serio un approccio al tema connesso al Piano Urbano del Traffico, della Mobilit\u00e0 sostenibile e dei Parcheggi di interscambio. Mi sembra, altres\u00ec, matura una riflessione  non intesa a perimetrare l\u2019interdizione veicolare ma a concepire spazi curati, riqualificati e animati.<\/p>\n\n\n\n<p>Andare oltre una mera pedonalizzazione \u00e8 uno dei maggiori strumenti per creare identit\u00e0 culturale (etica ed estetica) e diversificare l\u2019offerta e l\u2019appeal della citt\u00e0. \u00c8 un modo, peraltro, per scommettere con seriet\u00e0 sulla bellezza di Messina. Ne beneficeranno anche e soprattutto i commercianti. Con quest\u2019ultimi, che non sono ultimi, bisogna sapere dialogare. Bisogna tutti fare sistema e bisogna ragionare in termini di sistema urbano integrato. D\u2019altronde il processo decisionale non potr\u00e0 che essere partecipato anche in ottica di equit\u00e0 tra zone, ambiti, quartieri che rivendicano nuove centralit\u00e0, resilienza e sicurezza &#8230; in sintesi prossimit\u00e0.<\/p>\n\n\n\n<p>Tuttavia, vi \u00e8 una cornice anzi uno sfondo a cui &#8211; mi pare &#8211; non si accenni se non larvatamente. <\/p>\n\n\n\n<p>Si tratta del \u201cPiano dei tempi e degli orari della citt\u00e0\u201d, strumento contemplato normativamente come obbligo, che contribuisce ad offrire senso ad ogni condivisa scelta strategica, vol\u00e0no di crescita e solidariet\u00e0. Il tempo va concepito sempre pi\u00f9 come risorsa piuttosto che come vincolo o limite.<\/p>\n\n\n\n<p>Di cosa stiamo parlando?<\/p>\n\n\n\n<p>L\u2019amministrazione pubblica, comunale e regionale, pu\u00f2 e deve essere parte attiva per consentire una pi\u00f9 equilibrata fruizione del tempo personale e comunitario.<\/p>\n\n\n\n<p>Stiamo parlando di azioni mirate sia a migliorare la qualit\u00e0 della vita dei cittadini e la qualit\u00e0 dell\u2019urbe sia a conciliare tempi personali e familiari, tempi di lavoro e tempi per un miglior uso degli spazi della citt\u00e0. Azioni che ottimizzino nella connessione reti e maglie di collegamento, topos di incontri di presenza e da remoto, c.d. \u201cbanche del tempo\u201d, competenze digitali e tecnologiche, impiego dell\u2019inevitabile  crescente tempo libero (per svago, sport, gioco, curiosit\u00e0 intellettuale, ricerca introspettiva e parola da spendere civilmente e civicamente).<\/p>\n\n\n\n<p>Le \u201cisole\u201d non devono essere temute come luoghi di isolamento. Esattamente il contrario. Esattamente il contrario dell\u2019imbarazzante messaggio del \u201cresto a casa\u201d di recente memoria che ha prodotto \u201cl\u2019immagine di citt\u00e0 vuote, immobili e silenziose, in cui il tempo si \u00e8 fermato e ha fermato la vita stessa\u201d ampliandosi nella latitudine delle mura domestiche ogni senso di solitudine e desolazione e facilitandosi all\u2019esterno il \u201ccampo di battaglia\u201d e\/o \u201cl\u2019ospedale da campo\u201d.<\/p>\n\n\n\n<p>Occorre, insomma, darsi ritmi nuovi. Ritmi che non abbiano come conseguenza espulsioni o repulsioni. Ritmi che non producano come effetto convulsioni e frenesie girando l\u2019angolo. Ritmi che non escludano pezzi di citt\u00e0. <\/p>\n\n\n\n<p>Ritmi nuovi di inclusione e accoglienza per i cittadini, gli ospiti, i turisti. <\/p>\n\n\n\n<p>Questi ritmi richiedono passi da sperimentare ma non da improvvisare. <\/p>\n\n\n\n<p>Il passo falso ci sta ma il passo nel vuoto ideale, concettuale, progettuale &#8230; no.<\/p>\n\n\n\n<p class=\"has-text-align-right\"><strong>Emilio Fragale<\/strong><\/p>\n","protected":false},"excerpt":{"rendered":"<p>Mi piacciono le isole pedonali. Non siano opzione ideologica n\u00e9 spot propagandistico. Credo che il percorso della Giunta e del Consiglio sia corretto ma non esaustivo. Mi sembra serio un approccio al tema connesso al Piano Urbano del Traffico, della Mobilit\u00e0 sostenibile e dei Parcheggi di interscambio. Mi sembra, altres\u00ec, matura una riflessione non intesa [&hellip;]<\/p>\n","protected":false},"author":2,"featured_media":34189,"comment_status":"open","ping_status":"open","sticky":false,"template":"","format":"standard","meta":{"ub_ctt_via":"","_mi_skip_tracking":false},"categories":[6],"tags":[2608,1897],"featured_image_src":"https:\/\/www.messinaoggi.it\/website\/wp-content\/uploads\/2019\/06\/D1D0071B-957E-48DD-9465-5CA195C673EB.jpeg","author_info":{"display_name":"Redazione","author_link":"https:\/\/www.messinaoggi.it\/website\/author\/redazione\/"},"digistream_id":0,"digistream":false,"_links":{"self":[{"href":"https:\/\/www.messinaoggi.it\/website\/wp-json\/wp\/v2\/posts\/127466"}],"collection":[{"href":"https:\/\/www.messinaoggi.it\/website\/wp-json\/wp\/v2\/posts"}],"about":[{"href":"https:\/\/www.messinaoggi.it\/website\/wp-json\/wp\/v2\/types\/post"}],"author":[{"embeddable":true,"href":"https:\/\/www.messinaoggi.it\/website\/wp-json\/wp\/v2\/users\/2"}],"replies":[{"embeddable":true,"href":"https:\/\/www.messinaoggi.it\/website\/wp-json\/wp\/v2\/comments?post=127466"}],"version-history":[{"count":2,"href":"https:\/\/www.messinaoggi.it\/website\/wp-json\/wp\/v2\/posts\/127466\/revisions"}],"predecessor-version":[{"id":127468,"href":"https:\/\/www.messinaoggi.it\/website\/wp-json\/wp\/v2\/posts\/127466\/revisions\/127468"}],"wp:featuredmedia":[{"embeddable":true,"href":"https:\/\/www.messinaoggi.it\/website\/wp-json\/wp\/v2\/media\/34189"}],"wp:attachment":[{"href":"https:\/\/www.messinaoggi.it\/website\/wp-json\/wp\/v2\/media?parent=127466"}],"wp:term":[{"taxonomy":"category","embeddable":true,"href":"https:\/\/www.messinaoggi.it\/website\/wp-json\/wp\/v2\/categories?post=127466"},{"taxonomy":"post_tag","embeddable":true,"href":"https:\/\/www.messinaoggi.it\/website\/wp-json\/wp\/v2\/tags?post=127466"}],"curies":[{"name":"wp","href":"https:\/\/api.w.org\/{rel}","templated":true}]}}