{"id":127460,"date":"2022-10-27T10:07:50","date_gmt":"2022-10-27T08:07:50","guid":{"rendered":"https:\/\/www.messinaoggi.it\/website\/2022\/10\/27\/mattarella-enrico-mattei-un-costruttore-della-repubblica\/"},"modified":"2022-10-27T10:07:50","modified_gmt":"2022-10-27T08:07:50","slug":"mattarella-enrico-mattei-un-costruttore-della-repubblica","status":"publish","type":"post","link":"https:\/\/www.messinaoggi.it\/website\/2022\/10\/27\/mattarella-enrico-mattei-un-costruttore-della-repubblica\/","title":{"rendered":"Mattarella \u201cEnrico Mattei un costruttore della Repubblica\u201d"},"content":{"rendered":"<div>ROMA (ITALPRESS) &#8211; &#8220;Enrico Mattei moriva sessant&#8217;anni fa in un incidente aereo sul quale grava l&#8217;ombra di un criminale attentato. Mattei fu un protagonista della costruzione della Repubblica. Componente del Comando Generale del Corpo Volontari della Libert\u00e0 sfil\u00f2 a Milano con gli altri comandanti alla testa del corteo che celebrava, il 6 maggio 1945, la liberazione della citt\u00e0 dalle forze nazifasciste&#8221;. Lo afferma in una nota il presidente della Repubblica, Sergio Mattarella, in occasione del sessantesimo anniversario della morte di Enrico Mattei.<br \/>&#8220;Fu uomo delle istituzioni, eletto Deputato al Parlamento dell&#8217;Italia democratica. Mattei mise a disposizione la sua esperienza di dirigente industriale dando impulso alla ricostruzione con una forza e una capacit\u00e0 di leadership che lo hanno reso una personalit\u00e0 simbolo della ripresa produttiva del Paese nel dopoguerra &#8211; aggiunge -. La sua visione fece del gruppo, che gli era stato affidato per liquidarlo, uno strumento rilevante di progresso del Paese e di definizione di un nuovo assetto nei rapporti internazionali, superando ogni tentazione neo-coloniale e puntando alla pari dignit\u00e0 tra i diversi attori, promuovendo e sostenendo le istanze di liberazione dei popoli&#8221;.<br \/>&#8220;L&#8217;Italia e l&#8217;Eni divennero cos\u00ec interpreti di un atteggiamento costruttivo di sostegno al processo di decolonizzazione in atto, come nel caso dell&#8217;Algeria, per accordi equi nell&#8217;interesse reciproco. L&#8217;idea di collaborazione, di cui Enrico Mattei fu portatore sul piano internazionale, ha recato grandi benefici all&#8217;Italia e, al tempo stesso, ha contribuito a consentire ai Paesi produttori di petrolio e gas di sottrarsi alla condizione di minorit\u00e0 in cui si trovavano &#8211; conclude Mattarella -. La sua azione ha contribuito a porre l&#8217;Italia al crocevia dei dialoghi di pace e cooperazione per lo sviluppo. Con coraggio ha proseguito nella sua opera, pur conoscendo bene quali poteri e quali interessi gli erano avversi. Il suo esempio e la sua figura appartengono a pieno titolo alla schiera dei costruttori della Repubblica&#8221;.<div id=\"div-gpt-ad-Messinaoggi.it-DSK-300x250-corpoart\" style=\"text-align:center;margin:0 auto;\"><\/div><\/p>\n<p>&#8211; foto ufficio stampa Quirinale &#8211;<div id=\"videoincontent\" style=\"clear:both\";><\/div><\/p>\n<p>(ITALPRESS).<\/p><\/div>\n","protected":false},"excerpt":{"rendered":"<p>ROMA (ITALPRESS) &#8211; &#8220;Enrico Mattei moriva sessant&#8217;anni fa in un incidente aereo sul quale grava l&#8217;ombra di un criminale attentato. Mattei fu un protagonista della costruzione della Repubblica. Componente del Comando Generale del Corpo Volontari della Libert\u00e0 sfil\u00f2 a Milano con gli altri comandanti alla testa del corteo che celebrava, il 6 maggio 1945, la [&hellip;]<\/p>\n","protected":false},"author":18,"featured_media":127461,"comment_status":"closed","ping_status":"closed","sticky":false,"template":"","format":"standard","meta":{"ub_ctt_via":"","_mi_skip_tracking":false},"categories":[446],"tags":[783],"featured_image_src":"https:\/\/www.messinaoggi.it\/website\/wp-content\/uploads\/2022\/10\/20221027_0107.jpg","author_info":{"display_name":"Admin","author_link":"https:\/\/www.messinaoggi.it\/website\/author\/admin\/"},"digistream_id":0,"digistream":false,"_links":{"self":[{"href":"https:\/\/www.messinaoggi.it\/website\/wp-json\/wp\/v2\/posts\/127460"}],"collection":[{"href":"https:\/\/www.messinaoggi.it\/website\/wp-json\/wp\/v2\/posts"}],"about":[{"href":"https:\/\/www.messinaoggi.it\/website\/wp-json\/wp\/v2\/types\/post"}],"author":[{"embeddable":true,"href":"https:\/\/www.messinaoggi.it\/website\/wp-json\/wp\/v2\/users\/18"}],"replies":[{"embeddable":true,"href":"https:\/\/www.messinaoggi.it\/website\/wp-json\/wp\/v2\/comments?post=127460"}],"version-history":[{"count":0,"href":"https:\/\/www.messinaoggi.it\/website\/wp-json\/wp\/v2\/posts\/127460\/revisions"}],"wp:featuredmedia":[{"embeddable":true,"href":"https:\/\/www.messinaoggi.it\/website\/wp-json\/wp\/v2\/media\/127461"}],"wp:attachment":[{"href":"https:\/\/www.messinaoggi.it\/website\/wp-json\/wp\/v2\/media?parent=127460"}],"wp:term":[{"taxonomy":"category","embeddable":true,"href":"https:\/\/www.messinaoggi.it\/website\/wp-json\/wp\/v2\/categories?post=127460"},{"taxonomy":"post_tag","embeddable":true,"href":"https:\/\/www.messinaoggi.it\/website\/wp-json\/wp\/v2\/tags?post=127460"}],"curies":[{"name":"wp","href":"https:\/\/api.w.org\/{rel}","templated":true}]}}