{"id":127459,"date":"2022-10-27T10:17:23","date_gmt":"2022-10-27T08:17:23","guid":{"rendered":"http:\/\/www.messinaoggi.it\/website\/?p=127459"},"modified":"2022-10-27T10:23:32","modified_gmt":"2022-10-27T08:23:32","slug":"il-puzzle-degli-assessorati-e-la-doppia-partita-di-gianfranco","status":"publish","type":"post","link":"https:\/\/www.messinaoggi.it\/website\/2022\/10\/27\/il-puzzle-degli-assessorati-e-la-doppia-partita-di-gianfranco\/","title":{"rendered":"Il puzzle degli assessorati e la doppia partita di Gianfranco"},"content":{"rendered":"\n<p>Il doppio filo che lega Roma e Palermo. Le trattative per la formazione del governo regionale si stanno tenendo su un doppio tavolo. Uno in Sicilia, l&#8217;altro a Roma. <div id=\"div-gpt-ad-Messinaoggi.it-DSK-300x250-corpoart\" style=\"text-align:center;margin:0 auto;\"><\/div><\/p>\n\n\n\n<p>Definiti gli ultimi passaggi politici (mancano solo le nomine dei sottosegretari), a cascata si definiranno le &#8220;questioni&#8221; siciliane. Se a Roma le carte le d\u00e0 Fratelli d&#8217;Italia, a Palermo invece a svolgere il ruolo di mazziere \u00e8 Gianfranco Miccich\u00e9, per conto di Forza Italia.<div id=\"videoincontent\" style=\"clear:both\";><\/div><\/p>\n\n\n\n<p>Il tutto avviene nell&#8217;alveo della ritrovata unit\u00e0. Ma a Palermo non \u00e8 detto che l&#8217;unit\u00e0 possa reggere, rispetto ai tentativi dello stesso Miccich\u00e8 di &#8220;arraffare&#8221; quanto pi\u00f9 possibile. A partire dalla presidenza dell&#8217;Ars, una poltrona molto ambita e che potrebbe stuzzicare il palato dello stesso leader siciliano degli Azzurri, per il quale solo un posto da vice-ministro lo potrebbe allontanare dalla Sicilia.<\/p>\n\n\n\n<p>Posto che Miccich\u00e8 potrebbe non rientrare fra i &#8220;papabili&#8221; viceministri, allora il suo orizzonte si restringe solo su Palermo. E allora ecco i nodi venire al pettine: giacch\u00e9 Gianfranco Miccich\u00e8 tenta di portare via il &#8220;bottino politico&#8221;. <\/p>\n\n\n\n<p>Questa situazione di impasse, tiene con le mani legate il neo presidente Renato Schifani che solo timidamente ha chiesto agli alleati la lista degli assessori, nel rispetto del risultato elettorale di ciascun partito. La convocazione della prima assemblea del consiglio regionale \u00e8 stata spostata strategicamente a giorni 10 novembre, anche perch\u00e9 alla prima si elegge il presidente. E da l\u00ec in avanti si avvia la nuova stagione politica siciliana. Ma il &#8220;puzzle&#8221; degli assessorati \u00e8 ancora difficile da costruire.<\/p>\n","protected":false},"excerpt":{"rendered":"<p>Il doppio filo che lega Roma e Palermo. Le trattative per la formazione del governo regionale si stanno tenendo su un doppio tavolo. Uno in Sicilia, l&#8217;altro a Roma. Definiti gli ultimi passaggi politici (mancano solo le nomine dei sottosegretari), a cascata si definiranno le &#8220;questioni&#8221; siciliane. Se a Roma le carte le d\u00e0 Fratelli [&hellip;]<\/p>\n","protected":false},"author":2,"featured_media":117928,"comment_status":"open","ping_status":"open","sticky":false,"template":"","format":"standard","meta":{"ub_ctt_via":"","_mi_skip_tracking":false},"categories":[19],"tags":[5219,600,583,1817],"featured_image_src":"https:\/\/www.messinaoggi.it\/website\/wp-content\/uploads\/2022\/08\/micciche.jpg","author_info":{"display_name":"Redazione","author_link":"https:\/\/www.messinaoggi.it\/website\/author\/redazione\/"},"digistream_id":0,"digistream":false,"_links":{"self":[{"href":"https:\/\/www.messinaoggi.it\/website\/wp-json\/wp\/v2\/posts\/127459"}],"collection":[{"href":"https:\/\/www.messinaoggi.it\/website\/wp-json\/wp\/v2\/posts"}],"about":[{"href":"https:\/\/www.messinaoggi.it\/website\/wp-json\/wp\/v2\/types\/post"}],"author":[{"embeddable":true,"href":"https:\/\/www.messinaoggi.it\/website\/wp-json\/wp\/v2\/users\/2"}],"replies":[{"embeddable":true,"href":"https:\/\/www.messinaoggi.it\/website\/wp-json\/wp\/v2\/comments?post=127459"}],"version-history":[{"count":2,"href":"https:\/\/www.messinaoggi.it\/website\/wp-json\/wp\/v2\/posts\/127459\/revisions"}],"predecessor-version":[{"id":127469,"href":"https:\/\/www.messinaoggi.it\/website\/wp-json\/wp\/v2\/posts\/127459\/revisions\/127469"}],"wp:featuredmedia":[{"embeddable":true,"href":"https:\/\/www.messinaoggi.it\/website\/wp-json\/wp\/v2\/media\/117928"}],"wp:attachment":[{"href":"https:\/\/www.messinaoggi.it\/website\/wp-json\/wp\/v2\/media?parent=127459"}],"wp:term":[{"taxonomy":"category","embeddable":true,"href":"https:\/\/www.messinaoggi.it\/website\/wp-json\/wp\/v2\/categories?post=127459"},{"taxonomy":"post_tag","embeddable":true,"href":"https:\/\/www.messinaoggi.it\/website\/wp-json\/wp\/v2\/tags?post=127459"}],"curies":[{"name":"wp","href":"https:\/\/api.w.org\/{rel}","templated":true}]}}