{"id":127448,"date":"2022-10-27T09:08:00","date_gmt":"2022-10-27T07:08:00","guid":{"rendered":"https:\/\/www.messinaoggi.it\/website\/2022\/10\/27\/schillaci-inaccettabile-una-sanita-ingiusta\/"},"modified":"2022-10-27T09:52:34","modified_gmt":"2022-10-27T07:52:34","slug":"schillaci-inaccettabile-una-sanita-ingiusta","status":"publish","type":"post","link":"https:\/\/www.messinaoggi.it\/website\/2022\/10\/27\/schillaci-inaccettabile-una-sanita-ingiusta\/","title":{"rendered":"Schillaci \u201cInaccettabile una sanit\u00e0 ingiusta\u201d"},"content":{"rendered":"<div>ROMA (ITALPRESS) &#8211; &#8220;Qualcosa da capire c&#8217;\u00e8. Soprattutto sulla fase di approvvigionamento durante la pandemia: mascherine e altro&#8221;. Cos\u00ec in un colloquio pubblicato dal Corriere della Sera il ministro della Salute Orazio Schillaci parla della proposta di Commissione d&#8217;inchiesta sulla gestione del Covid-19 in Italia.<br \/>La priorit\u00e0 per Schillaci \u00e8 &#8220;occuparsi dei problemi concreti della Sanit\u00e0&#8221;, partendo dal &#8220;combattere le lunghe liste di attesa&#8221; e occuparsi &#8220;dei malati oncologici e di tutto ci\u00f2 che in questo momento contribuisce a rendere il sistema ingiusto&#8221;. Secondo il ministro &#8220;in tutti gli indicatori internazionali attualmente appare chiaro che l&#8217;aspettativa di vita di chi ha un reddito pi\u00f9 alto \u00e8 pi\u00f9 lunga di chi ce l&#8217;ha pi\u00f9 basso. Cio\u00e8 chi ha meno mezzi muore prima di chi pu\u00f2 permettersi cure private. E questo \u00e8 inaccettabile&#8221;.<div id=\"div-gpt-ad-Messinaoggi.it-DSK-300x250-corpoart\" style=\"text-align:center;margin:0 auto;\"><\/div><\/p>\n<p>&#8211; foto Agenziafotogramma.it &#8211;<div id=\"videoincontent\" style=\"clear:both\";><\/div><\/p>\n<p>(ITALPRESS).<\/p><\/div>\n","protected":false},"excerpt":{"rendered":"<p>ROMA (ITALPRESS) &#8211; &#8220;Qualcosa da capire c&#8217;\u00e8. Soprattutto sulla fase di approvvigionamento durante la pandemia: mascherine e altro&#8221;. Cos\u00ec in un colloquio pubblicato dal Corriere della Sera il ministro della Salute Orazio Schillaci parla della proposta di Commissione d&#8217;inchiesta sulla gestione del Covid-19 in Italia.La priorit\u00e0 per Schillaci \u00e8 &#8220;occuparsi dei problemi concreti della Sanit\u00e0&#8221;, [&hellip;]<\/p>\n","protected":false},"author":18,"featured_media":127449,"comment_status":"closed","ping_status":"closed","sticky":false,"template":"","format":"standard","meta":{"ub_ctt_via":"","_mi_skip_tracking":false},"categories":[446,11],"tags":[783],"featured_image_src":"https:\/\/www.messinaoggi.it\/website\/wp-content\/uploads\/2022\/10\/20221027_0080.jpg","author_info":{"display_name":"Admin","author_link":"https:\/\/www.messinaoggi.it\/website\/author\/admin\/"},"digistream_id":0,"digistream":false,"_links":{"self":[{"href":"https:\/\/www.messinaoggi.it\/website\/wp-json\/wp\/v2\/posts\/127448"}],"collection":[{"href":"https:\/\/www.messinaoggi.it\/website\/wp-json\/wp\/v2\/posts"}],"about":[{"href":"https:\/\/www.messinaoggi.it\/website\/wp-json\/wp\/v2\/types\/post"}],"author":[{"embeddable":true,"href":"https:\/\/www.messinaoggi.it\/website\/wp-json\/wp\/v2\/users\/18"}],"replies":[{"embeddable":true,"href":"https:\/\/www.messinaoggi.it\/website\/wp-json\/wp\/v2\/comments?post=127448"}],"version-history":[{"count":1,"href":"https:\/\/www.messinaoggi.it\/website\/wp-json\/wp\/v2\/posts\/127448\/revisions"}],"predecessor-version":[{"id":127452,"href":"https:\/\/www.messinaoggi.it\/website\/wp-json\/wp\/v2\/posts\/127448\/revisions\/127452"}],"wp:featuredmedia":[{"embeddable":true,"href":"https:\/\/www.messinaoggi.it\/website\/wp-json\/wp\/v2\/media\/127449"}],"wp:attachment":[{"href":"https:\/\/www.messinaoggi.it\/website\/wp-json\/wp\/v2\/media?parent=127448"}],"wp:term":[{"taxonomy":"category","embeddable":true,"href":"https:\/\/www.messinaoggi.it\/website\/wp-json\/wp\/v2\/categories?post=127448"},{"taxonomy":"post_tag","embeddable":true,"href":"https:\/\/www.messinaoggi.it\/website\/wp-json\/wp\/v2\/tags?post=127448"}],"curies":[{"name":"wp","href":"https:\/\/api.w.org\/{rel}","templated":true}]}}