{"id":127416,"date":"2022-10-26T20:07:52","date_gmt":"2022-10-26T18:07:52","guid":{"rendered":"https:\/\/www.messinaoggi.it\/website\/2022\/10\/26\/berlusconi-lavoreremo-con-lealta\/"},"modified":"2022-10-26T20:07:52","modified_gmt":"2022-10-26T18:07:52","slug":"berlusconi-lavoreremo-con-lealta","status":"publish","type":"post","link":"https:\/\/www.messinaoggi.it\/website\/2022\/10\/26\/berlusconi-lavoreremo-con-lealta\/","title":{"rendered":"Berlusconi \u201cLavoreremo con lealt\u00e0\u201d"},"content":{"rendered":"<div>ROMA (ITALPRESS) &#8211; &#8220;Noi oggi voteremo convintamente la fiducia. Da domani lavoreremo con lealt\u00e0, passione e spirito costruttivo per realizzare il nostro programma&#8221;. Cos\u00ec Silvio Berlusconi, leader di Forza Italia, nel suo intervento in Senato.<br \/>&#8220;La riforma della giustizia \u00e8 una priorit\u00e0 irrinunciabile. Una riforma davvero garantista, non contro la magistratura ma per il diritto, l&#8217;equit\u00e0 e la libert\u00e0&#8221;, ha sottolineato Berlusconi, che ha anche parlato di fisco: &#8220;Certamente una delle priorit\u00e0 da approvare nel pi\u00f9 breve tempo possibile \u00e8 la riforma della tassazione. Serve un fisco pi\u00f9 equo e pi\u00f9 leggero, pur nella necessit\u00e0 di non disattendere i vincoli di bilancio che l&#8217;Europa e i mercati ci impongono&#8221;.<br \/>In merito alla guerra in Ucraina, l&#8217;ex premier ha spiegato: &#8220;Non possiamo che ribadire e consolidare le linee portanti della nostra politica estera, e cio\u00e8 la solidariet\u00e0 con l&#8217;Occidente, quella solidariet\u00e0 che ha sempre caratterizzato i nostri governi e che deve essere patrimonio comune della nazione, soprattutto di fronte alle minacce internazionali vecchie e nuove&#8221;.<div id=\"div-gpt-ad-Messinaoggi.it-DSK-300x250-corpoart\" style=\"text-align:center;margin:0 auto;\"><\/div><\/p>\n<p>&#8211; foto Agenziafotogramma.it &#8211;<div id=\"videoincontent\" style=\"clear:both\";><\/div><\/p>\n<p>(ITALPRESS).<\/p><\/div>\n","protected":false},"excerpt":{"rendered":"<p>ROMA (ITALPRESS) &#8211; &#8220;Noi oggi voteremo convintamente la fiducia. Da domani lavoreremo con lealt\u00e0, passione e spirito costruttivo per realizzare il nostro programma&#8221;. Cos\u00ec Silvio Berlusconi, leader di Forza Italia, nel suo intervento in Senato.&#8220;La riforma della giustizia \u00e8 una priorit\u00e0 irrinunciabile. Una riforma davvero garantista, non contro la magistratura ma per il diritto, l&#8217;equit\u00e0 [&hellip;]<\/p>\n","protected":false},"author":18,"featured_media":127417,"comment_status":"closed","ping_status":"closed","sticky":false,"template":"","format":"standard","meta":{"ub_ctt_via":"","_mi_skip_tracking":false},"categories":[446],"tags":[783],"featured_image_src":"https:\/\/www.messinaoggi.it\/website\/wp-content\/uploads\/2022\/10\/20221026_2234.jpg","author_info":{"display_name":"Admin","author_link":"https:\/\/www.messinaoggi.it\/website\/author\/admin\/"},"digistream_id":0,"digistream":false,"_links":{"self":[{"href":"https:\/\/www.messinaoggi.it\/website\/wp-json\/wp\/v2\/posts\/127416"}],"collection":[{"href":"https:\/\/www.messinaoggi.it\/website\/wp-json\/wp\/v2\/posts"}],"about":[{"href":"https:\/\/www.messinaoggi.it\/website\/wp-json\/wp\/v2\/types\/post"}],"author":[{"embeddable":true,"href":"https:\/\/www.messinaoggi.it\/website\/wp-json\/wp\/v2\/users\/18"}],"replies":[{"embeddable":true,"href":"https:\/\/www.messinaoggi.it\/website\/wp-json\/wp\/v2\/comments?post=127416"}],"version-history":[{"count":0,"href":"https:\/\/www.messinaoggi.it\/website\/wp-json\/wp\/v2\/posts\/127416\/revisions"}],"wp:featuredmedia":[{"embeddable":true,"href":"https:\/\/www.messinaoggi.it\/website\/wp-json\/wp\/v2\/media\/127417"}],"wp:attachment":[{"href":"https:\/\/www.messinaoggi.it\/website\/wp-json\/wp\/v2\/media?parent=127416"}],"wp:term":[{"taxonomy":"category","embeddable":true,"href":"https:\/\/www.messinaoggi.it\/website\/wp-json\/wp\/v2\/categories?post=127416"},{"taxonomy":"post_tag","embeddable":true,"href":"https:\/\/www.messinaoggi.it\/website\/wp-json\/wp\/v2\/tags?post=127416"}],"curies":[{"name":"wp","href":"https:\/\/api.w.org\/{rel}","templated":true}]}}