{"id":127412,"date":"2022-10-26T19:07:52","date_gmt":"2022-10-26T17:07:52","guid":{"rendered":"https:\/\/www.messinaoggi.it\/website\/2022\/10\/26\/mantovani-manageritalia-migliorare-le-politiche-attive-del-lavoro\/"},"modified":"2022-10-26T19:07:52","modified_gmt":"2022-10-26T17:07:52","slug":"mantovani-manageritalia-migliorare-le-politiche-attive-del-lavoro","status":"publish","type":"post","link":"https:\/\/www.messinaoggi.it\/website\/2022\/10\/26\/mantovani-manageritalia-migliorare-le-politiche-attive-del-lavoro\/","title":{"rendered":"Mantovani (Manageritalia) \u201cMigliorare le politiche attive del lavoro\u201d"},"content":{"rendered":"<div>MILANO (ITALPRESS) &#8211; &#8220;Pi\u00f9 che richieste da fare al nuovo governo, abbiamo il desiderio di contribuire allo sviluppo di questo Paese. Sul lavoro crediamo che sia necessario imboccare finalmente la via delle politiche attive per mettere a disposizione quel capitale umano che oggi \u00e8 il vero problema delle aziende, che non trovano personale in molti settori. Occorre rimettere in moto tutte le persone che sono in grado di lavorare, facendo loro acquisire nuove competenze e riattivarle. Questo vale anche per noi manager&#8221;. Lo ha detto Mario Mantovani, presidente di Manageritalia, intervistato dall&#8217;Italpress.<br \/>&#8220;Altro tema molto rilevante \u00e8 quello del welfare &#8211; ha aggiunto -. Abbiamo apprezzato le parole di Giorgia Meloni, il riferimento molto preciso al welfare aziendale e ai premi di produttivit\u00e0. Siamo convinti da tempo anche noi che questa sia la via per ridurre il cuneo fiscale&#8221;.<br \/>Altre due tematiche molto care a Manageritalia sono fisco e previdenza. Sul fronte delle imposte &#8220;chiediamo che ci sia equit\u00e0 e che non si generino sperequazioni basate sulle categorie o le tipologie dei contratti di lavoro &#8211; ha spiegato Mantovani -. In questo senso certi allargamenti della flat tax per gli autonomi non ci sembra che vadano nella direzione giusta&#8221;.<br \/>Sulla previdenza, invece, secondo il numero uno di Manageritalia &#8220;sicuramente c&#8217;\u00e8 un tema di accompagnamento alla pensione, ma soluzioni eccessivamente costose, che portano grandi oneri sul bilancio dello Stato, pensiamo che siano negative. Se non altro  perch\u00e8 qualcuno prima o poi questi oneri li dovr\u00e0 sostenere e di solito il conto arriva a noi. Serve gradualit\u00e0 e azioni che proteggano soprattutto i lavoratori pi\u00f9 in difficolt\u00e0. Nel nostro caso sono i lavoratori disoccupati che non riescono a trovare un impiego dopo i 62 anni&#8221;.<div id=\"div-gpt-ad-Messinaoggi.it-DSK-300x250-corpoart\" style=\"text-align:center;margin:0 auto;\"><\/div><\/p>\n<p>&#8211; foto Italpress &#8211;<div id=\"videoincontent\" style=\"clear:both\";><\/div><\/p>\n<p>(ITALPRESS).<\/p><\/div>\n","protected":false},"excerpt":{"rendered":"<p>MILANO (ITALPRESS) &#8211; &#8220;Pi\u00f9 che richieste da fare al nuovo governo, abbiamo il desiderio di contribuire allo sviluppo di questo Paese. Sul lavoro crediamo che sia necessario imboccare finalmente la via delle politiche attive per mettere a disposizione quel capitale umano che oggi \u00e8 il vero problema delle aziende, che non trovano personale in molti [&hellip;]<\/p>\n","protected":false},"author":18,"featured_media":127413,"comment_status":"closed","ping_status":"closed","sticky":false,"template":"","format":"standard","meta":{"ub_ctt_via":"","_mi_skip_tracking":false},"categories":[446],"tags":[783],"featured_image_src":"https:\/\/www.messinaoggi.it\/website\/wp-content\/uploads\/2022\/10\/20221026_2034.jpg","author_info":{"display_name":"Admin","author_link":"https:\/\/www.messinaoggi.it\/website\/author\/admin\/"},"digistream_id":0,"digistream":false,"_links":{"self":[{"href":"https:\/\/www.messinaoggi.it\/website\/wp-json\/wp\/v2\/posts\/127412"}],"collection":[{"href":"https:\/\/www.messinaoggi.it\/website\/wp-json\/wp\/v2\/posts"}],"about":[{"href":"https:\/\/www.messinaoggi.it\/website\/wp-json\/wp\/v2\/types\/post"}],"author":[{"embeddable":true,"href":"https:\/\/www.messinaoggi.it\/website\/wp-json\/wp\/v2\/users\/18"}],"replies":[{"embeddable":true,"href":"https:\/\/www.messinaoggi.it\/website\/wp-json\/wp\/v2\/comments?post=127412"}],"version-history":[{"count":0,"href":"https:\/\/www.messinaoggi.it\/website\/wp-json\/wp\/v2\/posts\/127412\/revisions"}],"wp:featuredmedia":[{"embeddable":true,"href":"https:\/\/www.messinaoggi.it\/website\/wp-json\/wp\/v2\/media\/127413"}],"wp:attachment":[{"href":"https:\/\/www.messinaoggi.it\/website\/wp-json\/wp\/v2\/media?parent=127412"}],"wp:term":[{"taxonomy":"category","embeddable":true,"href":"https:\/\/www.messinaoggi.it\/website\/wp-json\/wp\/v2\/categories?post=127412"},{"taxonomy":"post_tag","embeddable":true,"href":"https:\/\/www.messinaoggi.it\/website\/wp-json\/wp\/v2\/tags?post=127412"}],"curies":[{"name":"wp","href":"https:\/\/api.w.org\/{rel}","templated":true}]}}