{"id":127408,"date":"2022-10-26T18:07:50","date_gmt":"2022-10-26T16:07:50","guid":{"rendered":"https:\/\/www.messinaoggi.it\/website\/2022\/10\/26\/meloni-liberare-litalia-dalla-dipendenza-energetica\/"},"modified":"2022-10-26T18:07:50","modified_gmt":"2022-10-26T16:07:50","slug":"meloni-liberare-litalia-dalla-dipendenza-energetica","status":"publish","type":"post","link":"https:\/\/www.messinaoggi.it\/website\/2022\/10\/26\/meloni-liberare-litalia-dalla-dipendenza-energetica\/","title":{"rendered":"Meloni \u201cLiberare l\u2019Italia dalla dipendenza energetica\u201d"},"content":{"rendered":"<div>ROMA (ITALPRESS) &#8211; &#8220;Servono misure che liberino l&#8217;Italia da una dipendenza energetica che \u00e8 inaccettabile, e penso alla ripresa di estrazione di gas nazionali, le risorse nazionali vanno ottimizzate&#8221;. Lo ha detto il presidente del Consiglio, Giorgia Meloni, nel corso della replica in Senato. &#8220;La sostenibilit\u00e0 ambientale deve andare di pari passo con la sostenibilit\u00e0 sociale ed economica&#8221;, ha aggiunto.<br \/>&#8220;Il tema dell&#8217;energia \u00e8 una delle nostre priorit\u00e0, per contrastare questa situazione c&#8217;\u00e8 il tema del contrasto alla speculazione, prima di continuare a cercare nuove risorse, la priorit\u00e0 deve essere fermare gli speculatori&#8221;, ha sottolineato Meloni.<br \/>&#8220;Noi continueremo ad incalzare l&#8217;Europa per dare soluzioni comuni ma c&#8217;\u00e8 il tema della separazione tra il costo del gas e le altre fonti energetiche &#8211; ha aggiunto -, tutto quello che si potr\u00e0 fare a livello nazionale siamo pronti a fare. In attesa che questi provvedimenti vengano adottati c&#8217;\u00e8 un&#8217;emergenza immediata che ci impegna, occorre lavorare anche con interventi per aiutare nell&#8217;immediato imprese e famiglie recuperando le risorse dagli extra profitti, riscrivendo la norma, e dall&#8217;extra gettito&#8221;. Per Meloni poi serviranno &#8220;interventi strutturali&#8221;.<div id=\"div-gpt-ad-Messinaoggi.it-DSK-300x250-corpoart\" style=\"text-align:center;margin:0 auto;\"><\/div><\/p>\n<p>&#8211; foto Agenziafotogramma.it &#8211;<div id=\"videoincontent\" style=\"clear:both\";><\/div><\/p>\n<p>(ITALPRESS).<\/p><\/div>\n","protected":false},"excerpt":{"rendered":"<p>ROMA (ITALPRESS) &#8211; &#8220;Servono misure che liberino l&#8217;Italia da una dipendenza energetica che \u00e8 inaccettabile, e penso alla ripresa di estrazione di gas nazionali, le risorse nazionali vanno ottimizzate&#8221;. Lo ha detto il presidente del Consiglio, Giorgia Meloni, nel corso della replica in Senato. &#8220;La sostenibilit\u00e0 ambientale deve andare di pari passo con la sostenibilit\u00e0 [&hellip;]<\/p>\n","protected":false},"author":18,"featured_media":127409,"comment_status":"closed","ping_status":"closed","sticky":false,"template":"","format":"standard","meta":{"ub_ctt_via":"","_mi_skip_tracking":false},"categories":[446],"tags":[783],"featured_image_src":"https:\/\/www.messinaoggi.it\/website\/wp-content\/uploads\/2022\/10\/20221026_1973.jpg","author_info":{"display_name":"Admin","author_link":"https:\/\/www.messinaoggi.it\/website\/author\/admin\/"},"digistream_id":0,"digistream":false,"_links":{"self":[{"href":"https:\/\/www.messinaoggi.it\/website\/wp-json\/wp\/v2\/posts\/127408"}],"collection":[{"href":"https:\/\/www.messinaoggi.it\/website\/wp-json\/wp\/v2\/posts"}],"about":[{"href":"https:\/\/www.messinaoggi.it\/website\/wp-json\/wp\/v2\/types\/post"}],"author":[{"embeddable":true,"href":"https:\/\/www.messinaoggi.it\/website\/wp-json\/wp\/v2\/users\/18"}],"replies":[{"embeddable":true,"href":"https:\/\/www.messinaoggi.it\/website\/wp-json\/wp\/v2\/comments?post=127408"}],"version-history":[{"count":0,"href":"https:\/\/www.messinaoggi.it\/website\/wp-json\/wp\/v2\/posts\/127408\/revisions"}],"wp:featuredmedia":[{"embeddable":true,"href":"https:\/\/www.messinaoggi.it\/website\/wp-json\/wp\/v2\/media\/127409"}],"wp:attachment":[{"href":"https:\/\/www.messinaoggi.it\/website\/wp-json\/wp\/v2\/media?parent=127408"}],"wp:term":[{"taxonomy":"category","embeddable":true,"href":"https:\/\/www.messinaoggi.it\/website\/wp-json\/wp\/v2\/categories?post=127408"},{"taxonomy":"post_tag","embeddable":true,"href":"https:\/\/www.messinaoggi.it\/website\/wp-json\/wp\/v2\/tags?post=127408"}],"curies":[{"name":"wp","href":"https:\/\/api.w.org\/{rel}","templated":true}]}}