{"id":127366,"date":"2022-10-26T15:07:53","date_gmt":"2022-10-26T13:07:53","guid":{"rendered":"https:\/\/www.messinaoggi.it\/website\/2022\/10\/26\/sarri-servono-mentalita-e-maturita-anche-in-europa\/"},"modified":"2022-10-26T15:07:53","modified_gmt":"2022-10-26T13:07:53","slug":"sarri-servono-mentalita-e-maturita-anche-in-europa","status":"publish","type":"post","link":"https:\/\/www.messinaoggi.it\/website\/2022\/10\/26\/sarri-servono-mentalita-e-maturita-anche-in-europa\/","title":{"rendered":"Sarri \u201cServono mentalit\u00e0 e maturit\u00e0 anche in Europa\u201d"},"content":{"rendered":"<div>ROMA (ITALPRESS) &#8211; &#8220;E&#8217; una partita che ci pu\u00f2 dare o togliere qualcosa, dipende dalla mentalit\u00e0 e dalla maturit\u00e0. L&#8217;appagamento pu\u00f2 portare un calo di motivazione. Il rendimento in Europa League \u00e8 condizionato da una partita sbagliata&#8221;. Sono le parole di Maurizio Sarri, alla vigilia del match contro il Midtjylland all&#8217;Olimpico. La Lazio \u00e8 reduce dalla grande vittoria contro l&#8217;Atalanta ma alla partita di Bergamo &#8220;voglio dare poco credito, perch\u00e8 pu\u00f2 essere occasionale &#8211; spiega Sarri in conferenza stampa -. La partita e il contesto hanno fatto scattare il meglio di noi. Il cambio di mentalit\u00e0 lo valuter\u00f2 in uno stadio mezzo vuoto contro una squadra mezza retrocessa&#8221;. Promosso Vecino: &#8220;Ci sta dando quel che ci aspettavamo. Ha tempi di inserimento, una buona fisicit\u00e0 e una qualit\u00e0 piuttosto elevata&#8221;. Da valutare invece Luis Alberto: &#8220;Gli fa male un&#8217;anca. Ha fatto tutto l&#8217;allenamento ma di scarso dispendio. Oggi vediamo la reazione dopo l&#8217;acciacco&#8221;. Sarri \u00e8 anche tornato sulla situazione del terreno dell&#8217;Olimpico, che a detta del tecnico &#8220;\u00e8 difficilmente risolvibile nel breve periodo, quindi mi preoccupa. La partita che abbiamo fatto a Bergamo su un biliardo non \u00e8 replicabile. E&#8217; un handicap non da poco per il nostro modo di giocare. Ci sono anche altri modi di giocare, ma questi a me non riescono. Forse \u00e8 un limite mio&#8221;. L&#8217;allenatore biancoceleste poi si sofferma sul ritiro nel corso della pausa mondiale: &#8220;Da qualche parte lo faremo. Spero non in Argentina, perch\u00e8 sarebbe una follia dal punto di vista tecnico. Fare un ritiro con quel fuso orario e con oltre 30 gradi non avrebbe senso&#8221;.<br \/>&#8211; foto LivePhotoSport &#8211; <br \/>(ITALPRESS).<\/div>\n<div id=\"div-gpt-ad-Messinaoggi.it-DSK-300x250-corpoart\" style=\"text-align:center;margin:0 auto;\"><\/div><\/p><div id=\"videoincontent\" style=\"clear:both\";><\/div>","protected":false},"excerpt":{"rendered":"<p>ROMA (ITALPRESS) &#8211; &#8220;E&#8217; una partita che ci pu\u00f2 dare o togliere qualcosa, dipende dalla mentalit\u00e0 e dalla maturit\u00e0. L&#8217;appagamento pu\u00f2 portare un calo di motivazione. Il rendimento in Europa League \u00e8 condizionato da una partita sbagliata&#8221;. Sono le parole di Maurizio Sarri, alla vigilia del match contro il Midtjylland all&#8217;Olimpico. La Lazio \u00e8 reduce [&hellip;]<\/p>\n","protected":false},"author":18,"featured_media":127367,"comment_status":"closed","ping_status":"closed","sticky":false,"template":"","format":"standard","meta":{"ub_ctt_via":"","_mi_skip_tracking":false},"categories":[446],"tags":[783],"featured_image_src":"https:\/\/www.messinaoggi.it\/website\/wp-content\/uploads\/2022\/10\/20221026_0871.jpg","author_info":{"display_name":"Admin","author_link":"https:\/\/www.messinaoggi.it\/website\/author\/admin\/"},"digistream_id":0,"digistream":false,"_links":{"self":[{"href":"https:\/\/www.messinaoggi.it\/website\/wp-json\/wp\/v2\/posts\/127366"}],"collection":[{"href":"https:\/\/www.messinaoggi.it\/website\/wp-json\/wp\/v2\/posts"}],"about":[{"href":"https:\/\/www.messinaoggi.it\/website\/wp-json\/wp\/v2\/types\/post"}],"author":[{"embeddable":true,"href":"https:\/\/www.messinaoggi.it\/website\/wp-json\/wp\/v2\/users\/18"}],"replies":[{"embeddable":true,"href":"https:\/\/www.messinaoggi.it\/website\/wp-json\/wp\/v2\/comments?post=127366"}],"version-history":[{"count":0,"href":"https:\/\/www.messinaoggi.it\/website\/wp-json\/wp\/v2\/posts\/127366\/revisions"}],"wp:featuredmedia":[{"embeddable":true,"href":"https:\/\/www.messinaoggi.it\/website\/wp-json\/wp\/v2\/media\/127367"}],"wp:attachment":[{"href":"https:\/\/www.messinaoggi.it\/website\/wp-json\/wp\/v2\/media?parent=127366"}],"wp:term":[{"taxonomy":"category","embeddable":true,"href":"https:\/\/www.messinaoggi.it\/website\/wp-json\/wp\/v2\/categories?post=127366"},{"taxonomy":"post_tag","embeddable":true,"href":"https:\/\/www.messinaoggi.it\/website\/wp-json\/wp\/v2\/tags?post=127366"}],"curies":[{"name":"wp","href":"https:\/\/api.w.org\/{rel}","templated":true}]}}