{"id":127334,"date":"2022-10-26T13:04:01","date_gmt":"2022-10-26T11:04:01","guid":{"rendered":"http:\/\/www.messinaoggi.it\/website\/?p=127334"},"modified":"2022-10-26T13:11:01","modified_gmt":"2022-10-26T11:11:01","slug":"e-pietro-patti-il-nuovo-segretario-generale-cgil-messina","status":"publish","type":"post","link":"https:\/\/www.messinaoggi.it\/website\/2022\/10\/26\/e-pietro-patti-il-nuovo-segretario-generale-cgil-messina\/","title":{"rendered":"E&#8217; Pietro Patti il nuovo segretario generale Cgil Messina"},"content":{"rendered":"\n<p>E&#8217; <strong>Pietro Patti, <\/strong>attuale segretario di Flc Cgil (comparto Scuola, Universit\u00e0 e Ricerca), il nuovo segretario generale del sindacato a Messina. Subentra al dimissionario <strong>Giovanni Mastroeni <\/strong>che aveva lasciato l&#8217;incarico per candidarsi alle ultime regionali con il Partito Democratico.<div id=\"div-gpt-ad-Messinaoggi.it-DSK-300x250-corpoart\" style=\"text-align:center;margin:0 auto;\"><\/div><\/p>\n\n\n\n<p>Patti ha una lunga esperienza nella scuola, insegnante di 42 anni nella scuola primaria e sempre in prima linea per il sindacato da pi\u00f9 di 10 anni, da quando da giovane ha iniziato con i progetti giovanili Cgil. Da adesso dovr\u00e0 coordinare i vari comparti dell&#8217;organizzazione confederale a Messina. E&#8217; stato anche ultimamente nella segreteria di Flc Cgil Sicilia. <div id=\"videoincontent\" style=\"clear:both\";><\/div><\/p>\n\n\n\n<p>Il neo segretario della Cgil Messina nella dichiarazione programmatica, ha affrontato le problematiche del lavoro e della condizione socioeconomica locale, considerando \u201ccome il diminuire del potere d\u2019acquisto di salari e pensioni con l\u2019aggravarsi di una condizione sociale ancora pi\u00f9 precaria rispetto a quella gi\u00e0 difficile che ci ha consegnato la pandemia, abbia effetti pesanti in un territorio messinese gi\u00e0 segnato dalla crisi occupazionale. I recenti dati Istat che vedono Messina all\u2019ultimo posto per tasso di occupazione, l\u2019attuale emergenza per i gravi rincari con conseguenze in diversi settori lavorativi, nel territorio siamo di fronte ad uno scenario difficile\u201d.<\/p>\n\n\n\n<p>Inoltre, trattando il problema della disoccupazione giovanile ha affermato che \u201coccorre oggi pensare che i giovani si trovano davanti a un futuro ancora pi\u00f9 incerto, in un\u2019area del Sud che sconta un continuo calo demografico con la crescente fuga dal nostro territorio. Un altro futuro \u00e8 possibile  e come Cgil riteniamo si costruisca investendo nel territorio sul lavoro, con innovazione, istruzione e ricerca, per favorire inclusione sociale e sviluppo sostenibile\u201d<\/p>\n\n\n\n<p>E&#8217; intervenuto per un saluto anche il segretario uscente. <\/p>\n","protected":false},"excerpt":{"rendered":"<p>E&#8217; Pietro Patti, attuale segretario di Flc Cgil (comparto Scuola, Universit\u00e0 e Ricerca), il nuovo segretario generale del sindacato a Messina. Subentra al dimissionario Giovanni Mastroeni che aveva lasciato l&#8217;incarico per candidarsi alle ultime regionali con il Partito Democratico. Patti ha una lunga esperienza nella scuola, insegnante di 42 anni nella scuola primaria e sempre [&hellip;]<\/p>\n","protected":false},"author":123457,"featured_media":127335,"comment_status":"open","ping_status":"open","sticky":false,"template":"","format":"standard","meta":{"ub_ctt_via":"","_mi_skip_tracking":false},"categories":[4],"tags":[],"featured_image_src":"https:\/\/www.messinaoggi.it\/website\/wp-content\/uploads\/2022\/10\/Pietro-Patti-e-Maurizio-Landini-e1666782650923.jpg","author_info":{"display_name":"Michele Bruno","author_link":"https:\/\/www.messinaoggi.it\/website\/author\/michele-bruno\/"},"digistream_id":0,"digistream":false,"_links":{"self":[{"href":"https:\/\/www.messinaoggi.it\/website\/wp-json\/wp\/v2\/posts\/127334"}],"collection":[{"href":"https:\/\/www.messinaoggi.it\/website\/wp-json\/wp\/v2\/posts"}],"about":[{"href":"https:\/\/www.messinaoggi.it\/website\/wp-json\/wp\/v2\/types\/post"}],"author":[{"embeddable":true,"href":"https:\/\/www.messinaoggi.it\/website\/wp-json\/wp\/v2\/users\/123457"}],"replies":[{"embeddable":true,"href":"https:\/\/www.messinaoggi.it\/website\/wp-json\/wp\/v2\/comments?post=127334"}],"version-history":[{"count":2,"href":"https:\/\/www.messinaoggi.it\/website\/wp-json\/wp\/v2\/posts\/127334\/revisions"}],"predecessor-version":[{"id":127337,"href":"https:\/\/www.messinaoggi.it\/website\/wp-json\/wp\/v2\/posts\/127334\/revisions\/127337"}],"wp:featuredmedia":[{"embeddable":true,"href":"https:\/\/www.messinaoggi.it\/website\/wp-json\/wp\/v2\/media\/127335"}],"wp:attachment":[{"href":"https:\/\/www.messinaoggi.it\/website\/wp-json\/wp\/v2\/media?parent=127334"}],"wp:term":[{"taxonomy":"category","embeddable":true,"href":"https:\/\/www.messinaoggi.it\/website\/wp-json\/wp\/v2\/categories?post=127334"},{"taxonomy":"post_tag","embeddable":true,"href":"https:\/\/www.messinaoggi.it\/website\/wp-json\/wp\/v2\/tags?post=127334"}],"curies":[{"name":"wp","href":"https:\/\/api.w.org\/{rel}","templated":true}]}}