{"id":127308,"date":"2022-10-26T10:54:58","date_gmt":"2022-10-26T08:54:58","guid":{"rendered":"http:\/\/www.messinaoggi.it\/website\/?p=127308"},"modified":"2022-10-26T10:55:05","modified_gmt":"2022-10-26T08:55:05","slug":"tari-la-fauci-basile-non-ha-sfruttato-il-decreto-aiuti-per-diminuirla-aumentandola","status":"publish","type":"post","link":"https:\/\/www.messinaoggi.it\/website\/2022\/10\/26\/tari-la-fauci-basile-non-ha-sfruttato-il-decreto-aiuti-per-diminuirla-aumentandola\/","title":{"rendered":"Tari, La Fauci: &#8220;Basile non ha sfruttato il Decreto Aiuti per diminuirla, aumentandola&#8221;"},"content":{"rendered":"\n<p><br>&#8220;Ho presentato un\u2019interrogazione al sindaco Federico Basile per fare, finalmente, chiarezza sulla vicenda riguardante gli aumenti della tariffa TARI e, contestualmente, l\u2019aumento delle indennit\u00e0 di funzione per i membri dell\u2019amministrazione comunale&#8221;. Lo dichiara in una nota il consigliere comunale Giandomenico La Fauci (Ora Sicilia).<div id=\"div-gpt-ad-Messinaoggi.it-DSK-300x250-corpoart\" style=\"text-align:center;margin:0 auto;\"><\/div><\/p>\n\n\n\n<p>&#8220;Nel Decreto Aiuti, emesso dal governo Draghi, &#8211; prosegue &#8211; era prevista una voce indirizzata al contenimento dei costi per i servizi di raccolta e smaltimento dei rifiuti. Tale possibilit\u00e0 non \u00e8 stata accolta dal Comune di Messina che, anzi, ha aumentato i costi del servizio passando da 48,4 milioni di euro a 54,1 milioni di euro.<div id=\"videoincontent\" style=\"clear:both\";><\/div><\/p>\n\n\n\n<p>&#8220;Se non bastasse, nei giorni precedenti all\u2019aumento della TARI, la stessa amministrazione ha decretato l\u2019aumento dell\u2019indennit\u00e0 di funzione a partire dal gennaio 2022 utilizzando fondi presenti nel bilancio comunale. Atto per cui avrebbe dovuto attendere il 2024, come da indicazione del governo regionale.<\/p>\n\n\n\n<p>&#8220;Per questi motivi, allora, ho presentato un\u2019interrogazione per conoscere le ragioni che hanno condotto l\u2019amministrazione all\u2019aumento della TARI anzich\u00e9 alla riduzione possibile, e prevista, grazie al Decreto Aiuti. In pi\u00f9, se non fosse maggiormente corretto destinare le risorse utilizzate per gli aumenti delle indennit\u00e0 alla riduzione delle tariffe TARI viste le immani difficolt\u00e0 dei cittadini per il pagamento delle utenze di gas e luce&#8221;.<\/p>\n","protected":false},"excerpt":{"rendered":"<p>&#8220;Ho presentato un\u2019interrogazione al sindaco Federico Basile per fare, finalmente, chiarezza sulla vicenda riguardante gli aumenti della tariffa TARI e, contestualmente, l\u2019aumento delle indennit\u00e0 di funzione per i membri dell\u2019amministrazione comunale&#8221;. Lo dichiara in una nota il consigliere comunale Giandomenico La Fauci (Ora Sicilia). &#8220;Nel Decreto Aiuti, emesso dal governo Draghi, &#8211; prosegue &#8211; era [&hellip;]<\/p>\n","protected":false},"author":8,"featured_media":47594,"comment_status":"open","ping_status":"open","sticky":false,"template":"","format":"standard","meta":{"ub_ctt_via":"","_mi_skip_tracking":false},"categories":[4],"tags":[5216,3367],"featured_image_src":"https:\/\/www.messinaoggi.it\/website\/wp-content\/uploads\/2020\/09\/tari.jpg","author_info":{"display_name":"red..me","author_link":"https:\/\/www.messinaoggi.it\/website\/author\/redstage\/"},"digistream_id":0,"digistream":false,"_links":{"self":[{"href":"https:\/\/www.messinaoggi.it\/website\/wp-json\/wp\/v2\/posts\/127308"}],"collection":[{"href":"https:\/\/www.messinaoggi.it\/website\/wp-json\/wp\/v2\/posts"}],"about":[{"href":"https:\/\/www.messinaoggi.it\/website\/wp-json\/wp\/v2\/types\/post"}],"author":[{"embeddable":true,"href":"https:\/\/www.messinaoggi.it\/website\/wp-json\/wp\/v2\/users\/8"}],"replies":[{"embeddable":true,"href":"https:\/\/www.messinaoggi.it\/website\/wp-json\/wp\/v2\/comments?post=127308"}],"version-history":[{"count":1,"href":"https:\/\/www.messinaoggi.it\/website\/wp-json\/wp\/v2\/posts\/127308\/revisions"}],"predecessor-version":[{"id":127309,"href":"https:\/\/www.messinaoggi.it\/website\/wp-json\/wp\/v2\/posts\/127308\/revisions\/127309"}],"wp:featuredmedia":[{"embeddable":true,"href":"https:\/\/www.messinaoggi.it\/website\/wp-json\/wp\/v2\/media\/47594"}],"wp:attachment":[{"href":"https:\/\/www.messinaoggi.it\/website\/wp-json\/wp\/v2\/media?parent=127308"}],"wp:term":[{"taxonomy":"category","embeddable":true,"href":"https:\/\/www.messinaoggi.it\/website\/wp-json\/wp\/v2\/categories?post=127308"},{"taxonomy":"post_tag","embeddable":true,"href":"https:\/\/www.messinaoggi.it\/website\/wp-json\/wp\/v2\/tags?post=127308"}],"curies":[{"name":"wp","href":"https:\/\/api.w.org\/{rel}","templated":true}]}}