{"id":127278,"date":"2022-10-26T08:37:22","date_gmt":"2022-10-26T06:37:22","guid":{"rendered":"http:\/\/www.messinaoggi.it\/website\/?p=127278"},"modified":"2022-10-26T08:37:23","modified_gmt":"2022-10-26T06:37:23","slug":"milazzo-200-studenti-per-la-giornata-della-legalita-intitolata-laula-consiliare-a-falcone-borsellino-e-scorta","status":"publish","type":"post","link":"https:\/\/www.messinaoggi.it\/website\/2022\/10\/26\/milazzo-200-studenti-per-la-giornata-della-legalita-intitolata-laula-consiliare-a-falcone-borsellino-e-scorta\/","title":{"rendered":"Milazzo, 200 studenti per la giornata della legalit\u00e0: intitolata l&#8217;Aula consiliare a Falcone, Borsellino e scorta"},"content":{"rendered":"\n<p>\u201cUna giornata emotivamente bella ed intensa, vissuta con oltre 200 studenti e con la Signora Tina Montinaro.\u00a0Capaci di ricordare e trasmettere memoria perch\u00e9 il sacrificio non sia stato vano. L&#8217;intitolazione dell&#8217;aula consiliare a Falcone, Borsellino ed agli uomini e donne delle scorte \u00e8 stato poi l\u2019atto voluto e dovuto per non dimenticare mai\u201d. Con queste parole il sindaco di Milazzo Pippo Midili ha sintetizzato l\u2019iniziativa della Pro Loco, del Comune e dell\u2019associazione \u201cQuarto Savona Quindici\u201d, denominata \u201cCapaci-Milazzo, la marcia della memoria\u201d.<div id=\"div-gpt-ad-Messinaoggi.it-DSK-300x250-corpoart\" style=\"text-align:center;margin:0 auto;\"><\/div><\/p>\n\n\n\n<p>Una giornata che ha coinvolto non solo i ragazzi ma anche i cittadini che hanno ascoltato con grande attenzione e interesse la testimonianza di Tina Montinaro che ha lanciato un messaggio chiaro. \u201cI giovani devono farsi delle domande, devono essere pi\u00f9 curiosi e devono sapere cosa \u00e8 successo nel nostro paese 30 anni fa per fare in modo che determinate cose non accadano pi\u00f9. Devono essere migliori di noi e meno indifferenti&#8221;. <div id=\"videoincontent\" style=\"clear:both\";><\/div><\/p>\n\n\n\n<p>Quindi ha spiegato le ragioni di questa sua iniziativa di divulgare in tutta Italia il messaggio di legalit\u00e0 ma anche della conoscenza di quegli anni.<br>\u201cI ragazzi devono\u00a0 sapere cosa \u00e8 successo a Palermo. Cosa succedeva in quel periodo nella loro Sicilia. Devono sapere\u00a0che ci sono stati\u00a0due grandi magistrati, Giovanni Falcone e Paolo Borsellino, che hanno deciso di lottare contro la Mafia, nonostante fino a quel momento tutti dicevano che la Mafia non esisteva. <\/p>\n\n\n\n<p>&#8220;Ma anche che accanto a loro c\u2019era la scorta fatta di uomini e noi siamo la famiglia di uno di quegli uomini, che aveva ancora tanti sogni, che aveva desiderio di crescere i suoi figli. Oggi Palermo \u00e8 cambiata rispetto al periodo della stragi di mafia. Non \u00e8 pi\u00f9 quella di una volta, non \u00e8 pi\u00f9 la Palermo delle camere della morte e tanti ragazzi scendono in piazza ribellandosi alla mafia. Ci sono tante denunce quindi \u00e8 chiaro che tanto \u00e8 cambiato, ma questo non significa che abbiamo vinto perch\u00e9 abbiamo ancora tanto da fare&#8221;.<\/p>\n\n\n\n<p>Dopo l\u2019introduzione del presidente della Pro Loco, Pasquale Saltalamacchia, era stato il sindaco Pippo Midili a spiegare il significato della manifestazione. &#8220;Oggi piantiamo un seme di legalit\u00e0 e lo facciamo con i ragazzi delle scuole che sono coloro che un domani avranno la responsabilit\u00e0 della Sicilia. Di far s\u00ec che sia una terra ancora migliore rispetto a come lo \u00e8 oggi e come \u00e8 stata negli anni delle stragi. La legalit\u00e0 inizia dai banchi di scuola e continua all\u2019esterno col rispetto delle norme del vivere civile. Ma \u00e8 la scuola assieme alla famiglia il primo baluardo e in tal senso va contrastata con ogni mezzo la disperazione scolastica che porta spesso il giovane a percorrere strade sbagliate&#8221;. <\/p>\n\n\n\n<p>Dopo tantissime domande rivolte dagli studenti alla signora Montinaro, la seconda parte della mattinata si \u00e8 svolta a palazzo dell\u2019Aquila dove era in programma la scopertura della targa di intitolazione dell\u2019Aula consiliare ai giudici Falcone e Borsellino e agli uomini delle loro scorte. Una cerimonia alla quale hanno partecipato il magistrato della Direzione investigativa antimafia, Antonio Carchietti, rappresentanti di Prefettura e Questura e i comandanti delle forze dell\u2019ordine cittadine.<\/p>\n\n\n\n<figure class=\"wp-block-image size-large\"><img loading=\"lazy\" width=\"1024\" height=\"768\" src=\"http:\/\/www.messinaoggi.it\/website\/wp-content\/uploads\/2022\/10\/prima-pagina.jpeg\" alt=\"\" class=\"wp-image-127280\" srcset=\"https:\/\/www.messinaoggi.it\/website\/wp-content\/uploads\/2022\/10\/prima-pagina.jpeg 1024w, https:\/\/www.messinaoggi.it\/website\/wp-content\/uploads\/2022\/10\/prima-pagina-300x225.jpeg 300w, https:\/\/www.messinaoggi.it\/website\/wp-content\/uploads\/2022\/10\/prima-pagina-768x576.jpeg 768w\" sizes=\"(max-width: 1024px) 100vw, 1024px\" \/><\/figure>\n\n\n\n<p>Dopo un breve messaggio del dottor Carchetti che ha sottolineato l\u2019impegno per l\u2019affermazione della legalit\u00e0 dei giudici contro lo strapotere della mafia, il sacrificio dei giovani poliziotti delle scorte, il sindaco Midili ha ricordato le difficolt\u00e0 di giungere all\u2019intitolazione dell\u2019Aula non concretizzatasi nella precedente consiliatura, dandone merito poi agli attuali consiglieri comunali. <\/p>\n\n\n\n<p>Quindi il presidente del civico consesso, Alessandro Oliva ha ribadito l\u2019importanza di questa intitolazione. \u201cUn atto dovuto e voluto sia per non dimenticare sia per\u00a0 diffondere sempre di pi\u00f9 la cultura della legalit\u00e0 e della trasparenza nelle istituzioni pubbliche\u201d.\u00a0 Lo stesso Oliva assieme a Tina Montinaro ha proceduto alla scopertura della targa che adesso sar\u00e0 affissa all\u2019interno dell\u2019Aula consiliare.<\/p>\n","protected":false},"excerpt":{"rendered":"<p>\u201cUna giornata emotivamente bella ed intensa, vissuta con oltre 200 studenti e con la Signora Tina Montinaro.\u00a0Capaci di ricordare e trasmettere memoria perch\u00e9 il sacrificio non sia stato vano. L&#8217;intitolazione dell&#8217;aula consiliare a Falcone, Borsellino ed agli uomini e donne delle scorte \u00e8 stato poi l\u2019atto voluto e dovuto per non dimenticare mai\u201d. Con queste [&hellip;]<\/p>\n","protected":false},"author":8,"featured_media":127279,"comment_status":"open","ping_status":"open","sticky":false,"template":"","format":"standard","meta":{"ub_ctt_via":"","_mi_skip_tracking":false},"categories":[13,14],"tags":[775],"featured_image_src":"https:\/\/www.messinaoggi.it\/website\/wp-content\/uploads\/2022\/10\/2442d2c5-fc9d-473b-bcfc-a8de1e69e50d.jpg","author_info":{"display_name":"red..me","author_link":"https:\/\/www.messinaoggi.it\/website\/author\/redstage\/"},"digistream_id":0,"digistream":false,"_links":{"self":[{"href":"https:\/\/www.messinaoggi.it\/website\/wp-json\/wp\/v2\/posts\/127278"}],"collection":[{"href":"https:\/\/www.messinaoggi.it\/website\/wp-json\/wp\/v2\/posts"}],"about":[{"href":"https:\/\/www.messinaoggi.it\/website\/wp-json\/wp\/v2\/types\/post"}],"author":[{"embeddable":true,"href":"https:\/\/www.messinaoggi.it\/website\/wp-json\/wp\/v2\/users\/8"}],"replies":[{"embeddable":true,"href":"https:\/\/www.messinaoggi.it\/website\/wp-json\/wp\/v2\/comments?post=127278"}],"version-history":[{"count":1,"href":"https:\/\/www.messinaoggi.it\/website\/wp-json\/wp\/v2\/posts\/127278\/revisions"}],"predecessor-version":[{"id":127281,"href":"https:\/\/www.messinaoggi.it\/website\/wp-json\/wp\/v2\/posts\/127278\/revisions\/127281"}],"wp:featuredmedia":[{"embeddable":true,"href":"https:\/\/www.messinaoggi.it\/website\/wp-json\/wp\/v2\/media\/127279"}],"wp:attachment":[{"href":"https:\/\/www.messinaoggi.it\/website\/wp-json\/wp\/v2\/media?parent=127278"}],"wp:term":[{"taxonomy":"category","embeddable":true,"href":"https:\/\/www.messinaoggi.it\/website\/wp-json\/wp\/v2\/categories?post=127278"},{"taxonomy":"post_tag","embeddable":true,"href":"https:\/\/www.messinaoggi.it\/website\/wp-json\/wp\/v2\/tags?post=127278"}],"curies":[{"name":"wp","href":"https:\/\/api.w.org\/{rel}","templated":true}]}}