{"id":127256,"date":"2022-10-25T19:07:50","date_gmt":"2022-10-25T17:07:50","guid":{"rendered":"https:\/\/www.messinaoggi.it\/website\/2022\/10\/25\/meloni-non-avro-timore-delle-critiche\/"},"modified":"2022-10-26T10:09:16","modified_gmt":"2022-10-26T08:09:16","slug":"meloni-non-avro-timore-delle-critiche","status":"publish","type":"post","link":"https:\/\/www.messinaoggi.it\/website\/2022\/10\/25\/meloni-non-avro-timore-delle-critiche\/","title":{"rendered":"Meloni \u201cNon avr\u00f2 timore delle critiche\u201d"},"content":{"rendered":"<div>ROMA (ITALPRESS) &#8211; &#8220;Non avr\u00f2 mai timore delle critiche molto decise, io l&#8217;ho fatto a lungo in passato, non \u00e8 mai mancato rispetto da parte mia nei confronti dei miei avversari politici e mi aspetto che l&#8217;opposizione lo faccia con me&#8221;. Lo ha detto la presidente del Consiglio Giorgia Meloni, intervenendo in Aula alla Camera nella sua replica. &#8220;Chiedo di essere giudicata per quello che dico e per quello che faccio&#8221;, ha aggiunto.<br \/>Rivolgendosi all&#8217;opposizione, poi ha detto: &#8220;Con questo governo non accadr\u00e0 che vi troviate a votare cose che non avete letto. Il Parlamento deve avere il suo ruolo&#8221;. Quanto all&#8217;Europa, &#8220;non sono i sovranisti che comandano in Europa. Parliamo sempre di Orban, ma come lo chiamiamo l&#8217;atteggiamento della Germania in questo periodo? Quello \u00e8 europeismo?. La materia della politica estera europea \u00e8 un p\u00f2 pi\u00f9 complessa di come viene raccontata, non si taglia con l&#8217;accetta: si deve avere la lucidit\u00e0 di chiedersi da dove si vuole partire. Io non devo fare nessuna scelta, perch\u00e8 la mia scelta l&#8217;ho fatta da tempo ed \u00e8 sempre e solo difendere l&#8217;interesse nazionale italiano. Non far\u00f2 mai la cheerleader di nessuno&#8221;, ha chiosato.<br \/>(ITALPRESS).<br \/>-foto agenziafotogramma.it-<\/div>\n<div id=\"div-gpt-ad-Messinaoggi.it-DSK-300x250-corpoart\" style=\"text-align:center;margin:0 auto;\"><\/div><\/p><div id=\"videoincontent\" style=\"clear:both\";><\/div>","protected":false},"excerpt":{"rendered":"<p>ROMA (ITALPRESS) &#8211; &#8220;Non avr\u00f2 mai timore delle critiche molto decise, io l&#8217;ho fatto a lungo in passato, non \u00e8 mai mancato rispetto da parte mia nei confronti dei miei avversari politici e mi aspetto che l&#8217;opposizione lo faccia con me&#8221;. Lo ha detto la presidente del Consiglio Giorgia Meloni, intervenendo in Aula alla Camera [&hellip;]<\/p>\n","protected":false},"author":18,"featured_media":127257,"comment_status":"closed","ping_status":"closed","sticky":false,"template":"","format":"standard","meta":{"ub_ctt_via":"","_mi_skip_tracking":false},"categories":[446,4],"tags":[783],"featured_image_src":"https:\/\/www.messinaoggi.it\/website\/wp-content\/uploads\/2022\/10\/20221025_1806.jpg","author_info":{"display_name":"Admin","author_link":"https:\/\/www.messinaoggi.it\/website\/author\/admin\/"},"digistream_id":0,"digistream":false,"_links":{"self":[{"href":"https:\/\/www.messinaoggi.it\/website\/wp-json\/wp\/v2\/posts\/127256"}],"collection":[{"href":"https:\/\/www.messinaoggi.it\/website\/wp-json\/wp\/v2\/posts"}],"about":[{"href":"https:\/\/www.messinaoggi.it\/website\/wp-json\/wp\/v2\/types\/post"}],"author":[{"embeddable":true,"href":"https:\/\/www.messinaoggi.it\/website\/wp-json\/wp\/v2\/users\/18"}],"replies":[{"embeddable":true,"href":"https:\/\/www.messinaoggi.it\/website\/wp-json\/wp\/v2\/comments?post=127256"}],"version-history":[{"count":1,"href":"https:\/\/www.messinaoggi.it\/website\/wp-json\/wp\/v2\/posts\/127256\/revisions"}],"predecessor-version":[{"id":127294,"href":"https:\/\/www.messinaoggi.it\/website\/wp-json\/wp\/v2\/posts\/127256\/revisions\/127294"}],"wp:featuredmedia":[{"embeddable":true,"href":"https:\/\/www.messinaoggi.it\/website\/wp-json\/wp\/v2\/media\/127257"}],"wp:attachment":[{"href":"https:\/\/www.messinaoggi.it\/website\/wp-json\/wp\/v2\/media?parent=127256"}],"wp:term":[{"taxonomy":"category","embeddable":true,"href":"https:\/\/www.messinaoggi.it\/website\/wp-json\/wp\/v2\/categories?post=127256"},{"taxonomy":"post_tag","embeddable":true,"href":"https:\/\/www.messinaoggi.it\/website\/wp-json\/wp\/v2\/tags?post=127256"}],"curies":[{"name":"wp","href":"https:\/\/api.w.org\/{rel}","templated":true}]}}