{"id":127248,"date":"2022-10-25T18:07:51","date_gmt":"2022-10-25T16:07:51","guid":{"rendered":"https:\/\/www.messinaoggi.it\/website\/2022\/10\/25\/berlusconi-meloni-ha-individuato-priorita-da-noi-contributo-leale\/"},"modified":"2022-10-25T18:07:51","modified_gmt":"2022-10-25T16:07:51","slug":"berlusconi-meloni-ha-individuato-priorita-da-noi-contributo-leale","status":"publish","type":"post","link":"https:\/\/www.messinaoggi.it\/website\/2022\/10\/25\/berlusconi-meloni-ha-individuato-priorita-da-noi-contributo-leale\/","title":{"rendered":"Berlusconi \u201cMeloni ha individuato priorit\u00e0, da noi contributo leale\u201d"},"content":{"rendered":"<div>ROMA (ITALPRESS) &#8211; &#8220;Il presidente del consiglio Giorgia Meloni nel suo assai pregevole  intervento programmatico ha individuato le priorit\u00e0 del Paese, ha tracciato una rotta chiara, nel solco del lavoro fatto fino a oggi dal centrodestra. Il presidente Meloni ha detto parole definitive e totalmente condivisibili sui diritti, sulle libert\u00e0, sulla necessit\u00e0 di abbassare le tasse e di promuovere una pace fiscale, con l&#8217;impegno ad affrontare oggi le grandi emergenze a partire dalla necessit\u00e0 di abbassare i costi dell&#8217;energia per famiglie e imprese, riprendendo una politica energetica non pi\u00f9 condizionata dal &#8216;partito dei n\u00f2 e dall&#8217;ambientalismo ideologico. Forza Italia dar\u00e0 un contributo qualificato, serio e leale, con tutte le sue idee e le sue migliori energie perch\u00e8 il nuovo governo di centrodestra, il primo guidato da una donna, abbia la forza di affrontare i grandi problemi del Paese e disegnare l&#8217;Italia del futuro&#8221;. Cos\u00ec il presidente di Forza Italia, Silvio Berlusconi.<br \/>(ITALPRESS).<br \/>-foto agenziafotogramma.it-<\/div>\n<div id=\"div-gpt-ad-Messinaoggi.it-DSK-300x250-corpoart\" style=\"text-align:center;margin:0 auto;\"><\/div><\/p><div id=\"videoincontent\" style=\"clear:both\";><\/div>","protected":false},"excerpt":{"rendered":"<p>ROMA (ITALPRESS) &#8211; &#8220;Il presidente del consiglio Giorgia Meloni nel suo assai pregevole intervento programmatico ha individuato le priorit\u00e0 del Paese, ha tracciato una rotta chiara, nel solco del lavoro fatto fino a oggi dal centrodestra. Il presidente Meloni ha detto parole definitive e totalmente condivisibili sui diritti, sulle libert\u00e0, sulla necessit\u00e0 di abbassare le [&hellip;]<\/p>\n","protected":false},"author":18,"featured_media":127249,"comment_status":"closed","ping_status":"closed","sticky":false,"template":"","format":"standard","meta":{"ub_ctt_via":"","_mi_skip_tracking":false},"categories":[446],"tags":[783],"featured_image_src":"https:\/\/www.messinaoggi.it\/website\/wp-content\/uploads\/2022\/10\/20221025_1645.jpg","author_info":{"display_name":"Admin","author_link":"https:\/\/www.messinaoggi.it\/website\/author\/admin\/"},"digistream_id":0,"digistream":false,"_links":{"self":[{"href":"https:\/\/www.messinaoggi.it\/website\/wp-json\/wp\/v2\/posts\/127248"}],"collection":[{"href":"https:\/\/www.messinaoggi.it\/website\/wp-json\/wp\/v2\/posts"}],"about":[{"href":"https:\/\/www.messinaoggi.it\/website\/wp-json\/wp\/v2\/types\/post"}],"author":[{"embeddable":true,"href":"https:\/\/www.messinaoggi.it\/website\/wp-json\/wp\/v2\/users\/18"}],"replies":[{"embeddable":true,"href":"https:\/\/www.messinaoggi.it\/website\/wp-json\/wp\/v2\/comments?post=127248"}],"version-history":[{"count":0,"href":"https:\/\/www.messinaoggi.it\/website\/wp-json\/wp\/v2\/posts\/127248\/revisions"}],"wp:featuredmedia":[{"embeddable":true,"href":"https:\/\/www.messinaoggi.it\/website\/wp-json\/wp\/v2\/media\/127249"}],"wp:attachment":[{"href":"https:\/\/www.messinaoggi.it\/website\/wp-json\/wp\/v2\/media?parent=127248"}],"wp:term":[{"taxonomy":"category","embeddable":true,"href":"https:\/\/www.messinaoggi.it\/website\/wp-json\/wp\/v2\/categories?post=127248"},{"taxonomy":"post_tag","embeddable":true,"href":"https:\/\/www.messinaoggi.it\/website\/wp-json\/wp\/v2\/tags?post=127248"}],"curies":[{"name":"wp","href":"https:\/\/api.w.org\/{rel}","templated":true}]}}