{"id":127194,"date":"2022-10-25T15:07:51","date_gmt":"2022-10-25T13:07:51","guid":{"rendered":"https:\/\/www.messinaoggi.it\/website\/2022\/10\/25\/inzaghi-dopo-il-sorteggio-nessuno-credeva-nellinter\/"},"modified":"2022-10-25T15:07:51","modified_gmt":"2022-10-25T13:07:51","slug":"inzaghi-dopo-il-sorteggio-nessuno-credeva-nellinter","status":"publish","type":"post","link":"https:\/\/www.messinaoggi.it\/website\/2022\/10\/25\/inzaghi-dopo-il-sorteggio-nessuno-credeva-nellinter\/","title":{"rendered":"Inzaghi \u201cDopo il sorteggio nessuno credeva nell\u2019Inter\u201d"},"content":{"rendered":"<div>APPIANO GENTILE (ITALPRESS) &#8211; &#8220;Noi allenatori siamo sempre giudicati in base ai risultati, ma io penso solo alla gara di domani, a centrare il primo obiettivo stagionale che nel giorno del sorteggio era molto lontano nella testa di tutti&#8221;. Simone Inzaghi si \u00e8 messo alle spalle le critiche di qualche settimana fa, ha ripreso a viaggiare forte con la sua Inter e domani pu\u00f2 staccare il pass per gli ottavi di Champions in un girone sicuramente di ferro, con Bayern Monaco e Barcellona che alla partenza erano le grandi favorite. &#8220;Dobbiamo vincere domani e regalare questa grande soddisfazione alla societ\u00e0, ai tifosi e a noi stessi, sappiamo quanto abbiamo lavorato in queste prime quattro partite di Champions, ora da squadra forte dobbiamo fare l&#8217;ultimo passo&#8221;, ha aggiunto Inzaghi in conferenza stampa alla vigilia del match casalingo con il Viktoria Plzen. &#8220;Abbiamo fatto quattro partite nel migliore dei modi, ma quella di domani \u00e8 una finalissima, abbiamo la possibilit\u00e0 di centrare il primo obiettivo stagionale con una giornata d&#8217;anticipo, andare a giocarci la qualificazione nell&#8217;ultima in casa del Bayern significherebbe dovere affrontare una partita molto complicata&#8221;, avvisa Inzaghi, convinto che la sua squadra debba ancora crescere. &#8220;Nella fase difensiva dobbiamo migliorare, lo dicono i numeri, ma non \u00e8 un problema che riguarda i difensori, vale per gli attaccanti e i centrocampisti, \u00e8 un discorso di squadra&#8221;. Domani potrebbero tornare tra i convocati Lukaku e Gagliardini. &#8220;Se l&#8217;allenamento di oggi andr\u00e0 bene come quello di ieri saranno con noi &#8211; spiega Inzaghi -. Romelu \u00e8 stato fuori a lungo, \u00e8 stata una grave perdita non averlo per due mesi, ma gli attaccanti si sono comportati bene&#8221;. Per Brozovic, invece, ci sar\u00e0 bisogno &#8220;ancora di qualche giorno&#8221;, quel che conta, per\u00f2, adesso \u00e8 battere il Viktoria Plzen: &#8220;Una squadra che sta dominando il proprio campionato e che cercher\u00e0 di renderci la vita difficile&#8221;.<br \/>&#8211; foto LivePhotoSport &#8211; <br \/>(ITALPRESS).<\/div>\n<div id=\"div-gpt-ad-Messinaoggi.it-DSK-300x250-corpoart\" style=\"text-align:center;margin:0 auto;\"><\/div><\/p><div id=\"videoincontent\" style=\"clear:both\";><\/div>","protected":false},"excerpt":{"rendered":"<p>APPIANO GENTILE (ITALPRESS) &#8211; &#8220;Noi allenatori siamo sempre giudicati in base ai risultati, ma io penso solo alla gara di domani, a centrare il primo obiettivo stagionale che nel giorno del sorteggio era molto lontano nella testa di tutti&#8221;. Simone Inzaghi si \u00e8 messo alle spalle le critiche di qualche settimana fa, ha ripreso a [&hellip;]<\/p>\n","protected":false},"author":18,"featured_media":127195,"comment_status":"closed","ping_status":"closed","sticky":false,"template":"","format":"standard","meta":{"ub_ctt_via":"","_mi_skip_tracking":false},"categories":[446],"tags":[783],"featured_image_src":"https:\/\/www.messinaoggi.it\/website\/wp-content\/uploads\/2022\/10\/20221025_0806.jpg","author_info":{"display_name":"Admin","author_link":"https:\/\/www.messinaoggi.it\/website\/author\/admin\/"},"digistream_id":0,"digistream":false,"_links":{"self":[{"href":"https:\/\/www.messinaoggi.it\/website\/wp-json\/wp\/v2\/posts\/127194"}],"collection":[{"href":"https:\/\/www.messinaoggi.it\/website\/wp-json\/wp\/v2\/posts"}],"about":[{"href":"https:\/\/www.messinaoggi.it\/website\/wp-json\/wp\/v2\/types\/post"}],"author":[{"embeddable":true,"href":"https:\/\/www.messinaoggi.it\/website\/wp-json\/wp\/v2\/users\/18"}],"replies":[{"embeddable":true,"href":"https:\/\/www.messinaoggi.it\/website\/wp-json\/wp\/v2\/comments?post=127194"}],"version-history":[{"count":0,"href":"https:\/\/www.messinaoggi.it\/website\/wp-json\/wp\/v2\/posts\/127194\/revisions"}],"wp:featuredmedia":[{"embeddable":true,"href":"https:\/\/www.messinaoggi.it\/website\/wp-json\/wp\/v2\/media\/127195"}],"wp:attachment":[{"href":"https:\/\/www.messinaoggi.it\/website\/wp-json\/wp\/v2\/media?parent=127194"}],"wp:term":[{"taxonomy":"category","embeddable":true,"href":"https:\/\/www.messinaoggi.it\/website\/wp-json\/wp\/v2\/categories?post=127194"},{"taxonomy":"post_tag","embeddable":true,"href":"https:\/\/www.messinaoggi.it\/website\/wp-json\/wp\/v2\/tags?post=127194"}],"curies":[{"name":"wp","href":"https:\/\/api.w.org\/{rel}","templated":true}]}}