{"id":12717,"date":"2017-12-08T22:20:00","date_gmt":"2017-12-08T21:20:00","guid":{"rendered":"http:\/\/www.messinaoggi.it\/website\/?p=12717"},"modified":"2017-12-08T22:20:00","modified_gmt":"2017-12-08T21:20:00","slug":"eccellenza-il-camaro-riporta-allovile-lattaccante-peppe-buda","status":"publish","type":"post","link":"https:\/\/www.messinaoggi.it\/website\/2017\/12\/08\/eccellenza-il-camaro-riporta-allovile-lattaccante-peppe-buda\/","title":{"rendered":"Eccellenza, il Camaro riporta all&#039;ovile l&#039;attaccante Peppe Buda"},"content":{"rendered":"<div style=\"text-align: justify\">Ancora un &#8220;colpo&#8221; di mercato per il <b>Camaro<\/b>: nella giornata di oggi la societ\u00e0 neroverde ha raggiunto l&#8217;accordo &#8211; in attesa ancora di ufficializzazione &#8211; con l&#8217;attaccante <b>Peppe Buda<\/b>, per il quale si pu\u00f2 parlare in un certo senso di ritorno alle origini, sebbene lui abbia mosso i primi passi nel club allorquando era capitanato dalla famiglia Chiofalo: &#8220;<span class=\"_5yl5\"><i>Anche se la dirigenza \u00e8 diversa da allora<\/i> &#8211; fa notare l&#8217;attaccante messinese classe &#8217;86 &#8211;<i> tornare laddove sono cresciuto \u00e8<\/i><\/span><i><span class=\"_5yl5\"> una bella cosa. <\/span><\/i><i><span class=\"_5yl5\">Anche stavolta ho grande voglia di riscatto, in quanto non ho fatto bene in Promozione (al Real Rometta, ndr) ma, invece di scendere di categoria, vado a cercare gli stimoli giusti affrontando sempre la sfida pi\u00f9 difficile, in questo caso l&#8217;Eccellenza. Come \u00e8 nato questo accordo col Camaro?<\/span><\/i><span class=\"_5yl5\"> <i>Tutto in un giorno,\u00a0<\/i><i> anche se con Antonio D\u2019Arrigo c\u2019erano stati altri incontri nelle annate precedent<\/i>i <i>ma per una cosa o per un\u2019altra non ci siamo mai trovati. <\/i><\/span><span class=\"_5yl5\"><i>I miei obiettivi sono fare bene a livello personale, e soprattutto arrivare con il Camaro tra le prime 5 del girone B di Eccellenza grazie alle mie giocate e i miei gol&#8221;.<\/i><\/span><\/div>\n<div style=\"text-align: justify\"><span class=\"_5yl5\">Buda sar\u00e0 disponibile gi\u00e0 in occasione della gara casalinga di domenica prossima con il Citt\u00e0 di Rosolini, in programma domenica prossima al &#8220;Marullo&#8221; con inizio alle 15. Saranno questi, da qui al termine della stagione, giorno e orario chiesti dal Camaro, per motivi organizzativi, e accordati dalla Figc siciliana. <\/span><i><span class=\"_5yl5\"><br \/>\n<\/span><\/i><\/div>\n<div><\/div>\n<div><strong>Nella foto di Roberto Santoro l&#8217;attaccante Peppe Buda in azione<\/strong><\/div>\n<div id=\"div-gpt-ad-Messinaoggi.it-DSK-300x250-corpoart\" style=\"text-align:center;margin:0 auto;\"><\/div><\/p><div id=\"videoincontent\" style=\"clear:both\";><\/div>","protected":false},"excerpt":{"rendered":"<p>Ancora un &#8220;colpo&#8221; di mercato per il Camaro: nella giornata di oggi la societ\u00e0 neroverde ha raggiunto l&#8217;accordo &#8211; in attesa ancora di ufficializzazione &#8211; con l&#8217;attaccante Peppe Buda, per il quale si pu\u00f2 parlare in un certo senso di ritorno alle origini, sebbene lui abbia mosso i primi passi nel club allorquando era capitanato [&hellip;]<\/p>\n","protected":false},"author":9,"featured_media":7414,"comment_status":"closed","ping_status":"open","sticky":false,"template":"","format":"standard","meta":{"ub_ctt_via":"","_mi_skip_tracking":false},"categories":[10,9],"tags":[],"featured_image_src":"https:\/\/www.messinaoggi.it\/website\/wp-content\/uploads\/2017\/09\/Buda_2-2.jpg","author_info":{"display_name":"Roberto Santoro","author_link":"https:\/\/www.messinaoggi.it\/website\/author\/r-santoro\/"},"digistream_id":0,"digistream":false,"_links":{"self":[{"href":"https:\/\/www.messinaoggi.it\/website\/wp-json\/wp\/v2\/posts\/12717"}],"collection":[{"href":"https:\/\/www.messinaoggi.it\/website\/wp-json\/wp\/v2\/posts"}],"about":[{"href":"https:\/\/www.messinaoggi.it\/website\/wp-json\/wp\/v2\/types\/post"}],"author":[{"embeddable":true,"href":"https:\/\/www.messinaoggi.it\/website\/wp-json\/wp\/v2\/users\/9"}],"replies":[{"embeddable":true,"href":"https:\/\/www.messinaoggi.it\/website\/wp-json\/wp\/v2\/comments?post=12717"}],"version-history":[{"count":0,"href":"https:\/\/www.messinaoggi.it\/website\/wp-json\/wp\/v2\/posts\/12717\/revisions"}],"wp:featuredmedia":[{"embeddable":true,"href":"https:\/\/www.messinaoggi.it\/website\/wp-json\/wp\/v2\/media\/7414"}],"wp:attachment":[{"href":"https:\/\/www.messinaoggi.it\/website\/wp-json\/wp\/v2\/media?parent=12717"}],"wp:term":[{"taxonomy":"category","embeddable":true,"href":"https:\/\/www.messinaoggi.it\/website\/wp-json\/wp\/v2\/categories?post=12717"},{"taxonomy":"post_tag","embeddable":true,"href":"https:\/\/www.messinaoggi.it\/website\/wp-json\/wp\/v2\/tags?post=12717"}],"curies":[{"name":"wp","href":"https:\/\/api.w.org\/{rel}","templated":true}]}}