{"id":127158,"date":"2022-10-25T12:07:53","date_gmt":"2022-10-25T10:07:53","guid":{"rendered":"https:\/\/www.messinaoggi.it\/website\/2022\/10\/25\/meloni-siamo-nella-tempesta-ma-condurremo-la-nave-in-porto\/"},"modified":"2022-10-25T12:07:53","modified_gmt":"2022-10-25T10:07:53","slug":"meloni-siamo-nella-tempesta-ma-condurremo-la-nave-in-porto","status":"publish","type":"post","link":"https:\/\/www.messinaoggi.it\/website\/2022\/10\/25\/meloni-siamo-nella-tempesta-ma-condurremo-la-nave-in-porto\/","title":{"rendered":"Meloni \u201cSiamo nella tempesta, ma condurremo la nave in porto\u201d"},"content":{"rendered":"<div>ROMA (ITALPRESS) &#8211; &#8220;Siamo nel pieno di una tempesta, con un&#8217;imbarcazione che ha subito diversi danni, e gli italiani hanno affidato a noi il compito di condurre la nave in porto in questa difficilissima traversata. Eravamo consapevoli di quello che ci aspettava e delle difficolt\u00e0 che l&#8217;Italia affronta, come lo sono tutte le altre forze politiche, anche quelle che governando negli ultimi dieci anni hanno portato un peggioramento di tutti i principali fondamentali macroeconomici, e oggi diranno che hanno le ricette risolutive e sono pronte a imputare al nuovo governo, magari con il supporto di mezzi d&#8217;informazione schierati&#8221;. Lo ha detto il presidente del Consiglio, Giorgia Meloni, alla Camera, in occasione del discorso programmatico. &#8220;Eravamo consapevoli del macigno che ci stavamo caricando sulle spalle, e ci siamo battuti lo stesso per assumerci quella responsabilit\u00e0 &#8211; ha aggiunto -. Perch\u00e8? In primo luogo perch\u00e8 non siamo abituati a fuggire di fronte alle difficolt\u00e0&#8221;.<br \/>&#8220;Il mio pi\u00f9 sentito ringraziamento va al popolo italiano, con il rammarico con i moltissimi che hanno rinunciato al voto, cittadini che reputano sempre pi\u00f9 spesso e inutile il loro voto, noi oggi diamo vita ad un governo politico pienamente rappresentativo della volont\u00e0 popolare&#8221;, ha sottolineato Meloni, che ha ringraziato anche il capo dello Stato Sergio Mattarella &#8220;per i preziosi consigli&#8221;, il premier uscente Mario Draghi &#8220;per il passaggio di consegne sereno&#8221; e gli alleati della maggioranza.<br \/>&#8220;Negli ultimi giorni sono stati in parecchi, anche fuori dai confini nazionali, a dire di voler vigilare sul nostro governo, direi che possono spendere meglio il loro tempo. Chi dall&#8217;estero dice di voler vigilare sull&#8217;Italia non manca di rispetto a me o a questo governo, manca di rispetto al popolo italiano che non ha lezioni da prendere&#8221;, ha detto ancora il premier.<br \/>&#8220;La guerra ha aggravato la situazione gi\u00e0 molto difficile causata dagli aumenti del costo dell&#8217;energia e dei carburanti. Costi insostenibili per molte imprese, che potrebbero essere costrette a chiudere e a licenziare i propri lavoratori, e per milioni di famiglie che gi\u00e0 oggi non sono pi\u00f9 in grado di fare fronte al rincaro delle bollette. Ma sbaglia chi crede sia possibile barattare la libert\u00e0 dell&#8217;Ucraina con la nostra tranquillit\u00e0&#8221;, ha sottolineato il presidente del Consiglio.<br \/>&#8220;Cedere al ricatto di Putin sull&#8217;energia non risolverebbe il problema, lo aggraverebbe aprendo la strada ad ulteriori pretese e ricatti, con futuri aumenti dell&#8217;energia ancora maggiori di quelli che abbiamo conosciuto in questi mesi&#8221;, ha aggiunto.<div id=\"div-gpt-ad-Messinaoggi.it-DSK-300x250-corpoart\" style=\"text-align:center;margin:0 auto;\"><\/div><\/p>\n<p>&#8211; foto Camera.it &#8211;<div id=\"videoincontent\" style=\"clear:both\";><\/div><\/p>\n<p>(ITALPRESS).<\/p><\/div>\n","protected":false},"excerpt":{"rendered":"<p>ROMA (ITALPRESS) &#8211; &#8220;Siamo nel pieno di una tempesta, con un&#8217;imbarcazione che ha subito diversi danni, e gli italiani hanno affidato a noi il compito di condurre la nave in porto in questa difficilissima traversata. Eravamo consapevoli di quello che ci aspettava e delle difficolt\u00e0 che l&#8217;Italia affronta, come lo sono tutte le altre forze [&hellip;]<\/p>\n","protected":false},"author":18,"featured_media":127159,"comment_status":"closed","ping_status":"closed","sticky":false,"template":"","format":"standard","meta":{"ub_ctt_via":"","_mi_skip_tracking":false},"categories":[446],"tags":[783],"featured_image_src":"https:\/\/www.messinaoggi.it\/website\/wp-content\/uploads\/2022\/10\/20221025_0301.jpg","author_info":{"display_name":"Admin","author_link":"https:\/\/www.messinaoggi.it\/website\/author\/admin\/"},"digistream_id":0,"digistream":false,"_links":{"self":[{"href":"https:\/\/www.messinaoggi.it\/website\/wp-json\/wp\/v2\/posts\/127158"}],"collection":[{"href":"https:\/\/www.messinaoggi.it\/website\/wp-json\/wp\/v2\/posts"}],"about":[{"href":"https:\/\/www.messinaoggi.it\/website\/wp-json\/wp\/v2\/types\/post"}],"author":[{"embeddable":true,"href":"https:\/\/www.messinaoggi.it\/website\/wp-json\/wp\/v2\/users\/18"}],"replies":[{"embeddable":true,"href":"https:\/\/www.messinaoggi.it\/website\/wp-json\/wp\/v2\/comments?post=127158"}],"version-history":[{"count":0,"href":"https:\/\/www.messinaoggi.it\/website\/wp-json\/wp\/v2\/posts\/127158\/revisions"}],"wp:featuredmedia":[{"embeddable":true,"href":"https:\/\/www.messinaoggi.it\/website\/wp-json\/wp\/v2\/media\/127159"}],"wp:attachment":[{"href":"https:\/\/www.messinaoggi.it\/website\/wp-json\/wp\/v2\/media?parent=127158"}],"wp:term":[{"taxonomy":"category","embeddable":true,"href":"https:\/\/www.messinaoggi.it\/website\/wp-json\/wp\/v2\/categories?post=127158"},{"taxonomy":"post_tag","embeddable":true,"href":"https:\/\/www.messinaoggi.it\/website\/wp-json\/wp\/v2\/tags?post=127158"}],"curies":[{"name":"wp","href":"https:\/\/api.w.org\/{rel}","templated":true}]}}