{"id":127148,"date":"2022-10-25T11:07:53","date_gmt":"2022-10-25T09:07:53","guid":{"rendered":"https:\/\/www.messinaoggi.it\/website\/2022\/10\/25\/ciriani-serve-lealta-non-tradire-il-mandato-degli-elettori\/"},"modified":"2022-10-25T11:07:53","modified_gmt":"2022-10-25T09:07:53","slug":"ciriani-serve-lealta-non-tradire-il-mandato-degli-elettori","status":"publish","type":"post","link":"https:\/\/www.messinaoggi.it\/website\/2022\/10\/25\/ciriani-serve-lealta-non-tradire-il-mandato-degli-elettori\/","title":{"rendered":"Ciriani \u201cServe lealt\u00e0, non tradire il mandato degli elettori\u201d"},"content":{"rendered":"<div>ROMA (ITALPRESS) &#8211; &#8220;Abbiamo espresso la nostra preoccupazione agli alleati. Stiamo cercando un equilibrio. Non \u00e8 facile. Tutti hanno l&#8217;ambizione, qualcuno ha anche il merito, ma non basta. Dal Senato \u00e8 pi\u00f9 difficile distaccare persone al governo. E&#8217; una questione di numeri. I candidati sono una quindicina. Ma la maggioranza ha 115 senatori, 106 dopo la nomina di 9 ministri, meno 15 ci avvicineremmo pericolosamente alla soglia critica di 90-91. L&#8217;opposizione ne ha 85. Non possiamo essere appesi ai senatori a vita&#8221;. Cos\u00ec il ministro per i Rapporti con il Parlamento, Luca Ciriani, in un&#8217;intervista al Corriere della Sera, in merito a eventuali problemi per il Governo a causa dei senatori che aspirano a incarichi da viceministro e sottosegretario. Ciriani ribadisce il suo appello ai parlamentari con incarichi di Governo a essere presenti alle votazioni: &#8220;Non ci hanno eletto per fare turismo. Non \u00e8 automatico che chi \u00e8 nominato non voti. Ma \u00e8 ovvio che serva un bilanciamento con i deputati&#8221;.<br \/>&#8220;Siamo una squadra che deve essere leale. Chiunque si discostasse da questo tradirebbe la fiducia e credo che ne pagherebbe un prezzo altissimo&#8221;, sottolinea il ministro in merito a eventuali fibrillazioni nella maggioranza.<br \/>&#8220;La decretazione d&#8217;urgenza \u00e8 stata la cifra dei governi precedenti. Difendo il Parlamento. Ma sulla Finanziaria ancora non so quali saranno i tempi. Dipender\u00e0 dall&#8217;opposizione&#8221;, afferma Ciriani, che ricorda: &#8220;Noi non abbiamo impedito provvedimenti importanti. Non mi aspetto che il Pd faccia un&#8217;opposizione patriottica. Mi basterebbe non pregiudiziale&#8221;.<div id=\"div-gpt-ad-Messinaoggi.it-DSK-300x250-corpoart\" style=\"text-align:center;margin:0 auto;\"><\/div><\/p>\n<p>&#8211; foto Agenziafotogramma.it &#8211;<div id=\"videoincontent\" style=\"clear:both\";><\/div><\/p>\n<p>(ITALPRESS).<\/p><\/div>\n","protected":false},"excerpt":{"rendered":"<p>ROMA (ITALPRESS) &#8211; &#8220;Abbiamo espresso la nostra preoccupazione agli alleati. Stiamo cercando un equilibrio. Non \u00e8 facile. Tutti hanno l&#8217;ambizione, qualcuno ha anche il merito, ma non basta. Dal Senato \u00e8 pi\u00f9 difficile distaccare persone al governo. E&#8217; una questione di numeri. I candidati sono una quindicina. Ma la maggioranza ha 115 senatori, 106 dopo [&hellip;]<\/p>\n","protected":false},"author":18,"featured_media":127149,"comment_status":"closed","ping_status":"closed","sticky":false,"template":"","format":"standard","meta":{"ub_ctt_via":"","_mi_skip_tracking":false},"categories":[446],"tags":[783],"featured_image_src":"https:\/\/www.messinaoggi.it\/website\/wp-content\/uploads\/2022\/10\/20221025_0142.jpg","author_info":{"display_name":"Admin","author_link":"https:\/\/www.messinaoggi.it\/website\/author\/admin\/"},"digistream_id":0,"digistream":false,"_links":{"self":[{"href":"https:\/\/www.messinaoggi.it\/website\/wp-json\/wp\/v2\/posts\/127148"}],"collection":[{"href":"https:\/\/www.messinaoggi.it\/website\/wp-json\/wp\/v2\/posts"}],"about":[{"href":"https:\/\/www.messinaoggi.it\/website\/wp-json\/wp\/v2\/types\/post"}],"author":[{"embeddable":true,"href":"https:\/\/www.messinaoggi.it\/website\/wp-json\/wp\/v2\/users\/18"}],"replies":[{"embeddable":true,"href":"https:\/\/www.messinaoggi.it\/website\/wp-json\/wp\/v2\/comments?post=127148"}],"version-history":[{"count":0,"href":"https:\/\/www.messinaoggi.it\/website\/wp-json\/wp\/v2\/posts\/127148\/revisions"}],"wp:featuredmedia":[{"embeddable":true,"href":"https:\/\/www.messinaoggi.it\/website\/wp-json\/wp\/v2\/media\/127149"}],"wp:attachment":[{"href":"https:\/\/www.messinaoggi.it\/website\/wp-json\/wp\/v2\/media?parent=127148"}],"wp:term":[{"taxonomy":"category","embeddable":true,"href":"https:\/\/www.messinaoggi.it\/website\/wp-json\/wp\/v2\/categories?post=127148"},{"taxonomy":"post_tag","embeddable":true,"href":"https:\/\/www.messinaoggi.it\/website\/wp-json\/wp\/v2\/tags?post=127148"}],"curies":[{"name":"wp","href":"https:\/\/api.w.org\/{rel}","templated":true}]}}