{"id":127137,"date":"2022-10-25T09:07:50","date_gmt":"2022-10-25T07:07:50","guid":{"rendered":"https:\/\/www.messinaoggi.it\/website\/2022\/10\/25\/zelensky-non-parlo-con-putin-se-ho-la-pistola-puntata-alla-tempia\/"},"modified":"2022-10-25T09:07:50","modified_gmt":"2022-10-25T07:07:50","slug":"zelensky-non-parlo-con-putin-se-ho-la-pistola-puntata-alla-tempia","status":"publish","type":"post","link":"https:\/\/www.messinaoggi.it\/website\/2022\/10\/25\/zelensky-non-parlo-con-putin-se-ho-la-pistola-puntata-alla-tempia\/","title":{"rendered":"Zelensky \u201cNon parlo con Putin se ho la pistola puntata alla tempia\u201d"},"content":{"rendered":"<div>ROMA (ITALPRESS) &#8211; &#8220;Per ora posso solo parlare in modo positivo del vostro governo appena insediato, nessuna impressione negativa. Ho avuto una conversazione telefonica con la nuova premier che si \u00e8 detta chiaramente favorevole alla nostra comune alleanza e mi ha assicurato il suo pieno sostegno per l&#8217;Ucraina contro l&#8217;aggressione russa&#8221;. Lo dice in un&#8217;intervista al Corriere della Sera il presidente dell&#8217;Ucraina Volodymyr Zelensky.<br \/>&#8220;&#8221;Giorgia? Volodymyr chiamami Giorgia!&#8221; Mi ha risposto dopo che io l&#8217;avevo chiamata per nome, \u00e8 andata proprio cos\u00ec, subito. E&#8217; stata diretta e personale &#8211; racconta in merito al suo colloquio con la neo premier italiana Giorgia Meloni -. Credo che abbiamo costruito un&#8217;ottima relazione in continuit\u00e0 con il periodo iniziato da Draghi. Con Draghi il livello delle nostre relazioni bilaterali aveva fatto un salto in avanti e ora continueremo a migliorarlo: le ho detto questo e lei mi ha risposto che certamente era anche la sua volont\u00e0, che non intende distruggere nulla di ci\u00f2 che \u00e8 stato costruito&#8221;.<br \/>Quanto a richieste specifiche a Roma, il presidente ucraino sottolinea: &#8220;Ci servono difese antiaeree, per noi \u00e8 vitale. Vogliamo che i nostri profughi tornino in Ucraina, dobbiamo ricostruire la nostra economia, che i bambini vadano a scuola, che la societ\u00e0 riprenda a funzionare pienamente. E per questo ci servono armi contro gli attacchi dall&#8217;aria e per garantire la sicurezza dei civili. L&#8217;Italia produce sistemi di difesa antiaerea assieme a Francia, Germania e pochi altri: speriamo possano aiutarci&#8221;.<br \/>E a chi afferma che sia l&#8217;Ucraina a dovere cercare la pace, Zelensky risponde cos\u00ec: &#8220;Sappiamo bene: \u00e8 la nuova narrativa. Io ho sempre voluto parlare, ma non con la pistola puntata alla tempia. Sin dall&#8217;inizio non \u00e8 stato un dialogo, ma una lunga serie di ultimatum imposti con la forza da Putin. I russi sostenevano che venivano a difendere chi parlava russo, ma in verit\u00e0 le violenze peggiori le hanno perpetuate a Kharkiv, Mariupol e nelle zone dove prevalevano la cultura e la lingua russe&#8221;.<div id=\"div-gpt-ad-Messinaoggi.it-DSK-300x250-corpoart\" style=\"text-align:center;margin:0 auto;\"><\/div><\/p>\n<p>&#8211; foto Agenziafotogramma.it &#8211;<div id=\"videoincontent\" style=\"clear:both\";><\/div><\/p>\n<p>(ITALPRESS).<\/p><\/div>\n","protected":false},"excerpt":{"rendered":"<p>ROMA (ITALPRESS) &#8211; &#8220;Per ora posso solo parlare in modo positivo del vostro governo appena insediato, nessuna impressione negativa. Ho avuto una conversazione telefonica con la nuova premier che si \u00e8 detta chiaramente favorevole alla nostra comune alleanza e mi ha assicurato il suo pieno sostegno per l&#8217;Ucraina contro l&#8217;aggressione russa&#8221;. Lo dice in un&#8217;intervista [&hellip;]<\/p>\n","protected":false},"author":18,"featured_media":127138,"comment_status":"closed","ping_status":"closed","sticky":false,"template":"","format":"standard","meta":{"ub_ctt_via":"","_mi_skip_tracking":false},"categories":[446],"tags":[783],"featured_image_src":"https:\/\/www.messinaoggi.it\/website\/wp-content\/uploads\/2022\/10\/20221025_0072.jpg","author_info":{"display_name":"Admin","author_link":"https:\/\/www.messinaoggi.it\/website\/author\/admin\/"},"digistream_id":0,"digistream":false,"_links":{"self":[{"href":"https:\/\/www.messinaoggi.it\/website\/wp-json\/wp\/v2\/posts\/127137"}],"collection":[{"href":"https:\/\/www.messinaoggi.it\/website\/wp-json\/wp\/v2\/posts"}],"about":[{"href":"https:\/\/www.messinaoggi.it\/website\/wp-json\/wp\/v2\/types\/post"}],"author":[{"embeddable":true,"href":"https:\/\/www.messinaoggi.it\/website\/wp-json\/wp\/v2\/users\/18"}],"replies":[{"embeddable":true,"href":"https:\/\/www.messinaoggi.it\/website\/wp-json\/wp\/v2\/comments?post=127137"}],"version-history":[{"count":0,"href":"https:\/\/www.messinaoggi.it\/website\/wp-json\/wp\/v2\/posts\/127137\/revisions"}],"wp:featuredmedia":[{"embeddable":true,"href":"https:\/\/www.messinaoggi.it\/website\/wp-json\/wp\/v2\/media\/127138"}],"wp:attachment":[{"href":"https:\/\/www.messinaoggi.it\/website\/wp-json\/wp\/v2\/media?parent=127137"}],"wp:term":[{"taxonomy":"category","embeddable":true,"href":"https:\/\/www.messinaoggi.it\/website\/wp-json\/wp\/v2\/categories?post=127137"},{"taxonomy":"post_tag","embeddable":true,"href":"https:\/\/www.messinaoggi.it\/website\/wp-json\/wp\/v2\/tags?post=127137"}],"curies":[{"name":"wp","href":"https:\/\/api.w.org\/{rel}","templated":true}]}}