{"id":127092,"date":"2022-10-24T20:02:53","date_gmt":"2022-10-24T18:02:53","guid":{"rendered":"https:\/\/www.messinaoggi.it\/website\/2022\/10\/24\/tec-palermo-2022-baccarini-gli-affitti-turistici-sono-una-grande-risorsa-per-leconomia\/"},"modified":"2022-10-24T20:02:53","modified_gmt":"2022-10-24T18:02:53","slug":"tec-palermo-2022-baccarini-gli-affitti-turistici-sono-una-grande-risorsa-per-leconomia","status":"publish","type":"post","link":"https:\/\/www.messinaoggi.it\/website\/2022\/10\/24\/tec-palermo-2022-baccarini-gli-affitti-turistici-sono-una-grande-risorsa-per-leconomia\/","title":{"rendered":"TeC Palermo 2022, Baccarini \u201cGli affitti turistici sono una grande risorsa per l\u2019economia\u201d"},"content":{"rendered":"<div>\n<p>PALERMO (ITALPRESS) \u2013 Andamento turistico della stagione estiva appena conclusa e prospettive per il prossimo futuro: questi i temi discussi nel corso del convegno FIAIP: \u201cTeC Palermo 2022 \u2013 Turismo e Case nell\u2019Area Metropolitana\u201d, che si \u00e8 svolto all\u2019Astoria Palace hotel, nel capoluogo siciliano. Locazioni brevi e locazioni turistiche, numero di intermediazioni e processi per far crescere tutti i segmenti: \u201cSiamo da sempre custodi degli immobili italiani, FIAIP sostiene e intraprende azioni dirette a mettere in risalto il patrimonio storico, artistico e culturale delle nostre citt\u00e0\u201d, ha affermato il presidente provinciale FIAIP Palermo, Marco Burrascano. \u201cL\u2019acronimo TeC \u00e8 eccezionale \u2013 ha aggiunto Maria Pia Barbagallo, Presidente Regionale FIAIP Sicilia -. Il turismo in alcune province deve ancora essere rafforzato. Ci sono alcune localit\u00e0 che ancora non sono state scoperte, c\u2019\u00e8 ancora da lavorare tanto\u201d. <br \/>Numeri importanti, in crescita e paragonabili a quelli pre-covid: \u201cI dati di Bankitalia ci dicono le le locazioni brevi negli ultimi cinque anni sono triplicate, con il 70% del totale che sono affitti turistici \u2013 ha sottolineato il presidente Nazionale FIAIP, Gian Battista Baccarini -. Questo segmento \u00e8 quindi una grande risorsa per l\u2019economia locale e nazionale, va ad ampliare l\u2019offerta turistica nazionale, al fianco di quella tradizionale. A nostro avviso il legislatore locale e nazionale deve salvaguardare questo segmento attraverso delle politiche attive e non passive\u201d. <br \/>Tra i temi trattati anche quello relativo alla possibilit\u00e0 che gli agenti immobiliari entrino a far parte del comparto turistico: \u201cGli agenti immobiliari \u2013 ha affermato Baccarini -, secondo i dati raccolti dal nostro centro studi, sempre pi\u00f9 intermediano le locazioni brevi a uso turistico, partecipano alla raccolta e al versamento della imposta di soggiorno, quindi sono agenti contabili, sono anche pubblici ufficiali e sostituti d\u2019imposta perch\u00e8 partecipano alla raccolta e al versamento della ritenuta d\u2019acconto. Pertanto avendo questa importanza per il legislatore, quale garanzia di legalit\u00e0 e trasparenza nei confronti del mercato e della collettivit\u00e0, chiediamo di essere compatibili con l\u2019attivit\u00e0 di gestione dei servizi in ambito turistico\u201d. <br \/>Presente anche il Sindaco della Citt\u00e0 di Termini Imerese e Vice Presidente Nazionale ANCI, Maria Terranova, che ha parlato del Grand Hotel delle Terme, riaperto con Le Vie dei Tesori e collaborazione Fiaip: \u201cE\u2019 stata una scommessa. Lanciamo un messaggio che \u00e8 un grido alla comunit\u00e0. Oggi \u00e8 un bene pignorato, a causa di un contenzioso ventennale con la societ\u00e0 che lo gestiva. Questo ha determinato il fermo dell\u2019immobile. E\u2019 un sito che riesce ancora oggi ad attrarre tanta gente. E\u2019 stato il sito pi\u00f9 visitato della Sicilia con 3500 presenze in tre weekend della Via dei Tesori\u201d. <br \/>Tra le citt\u00e0 virtuose e con numeri di visitatori da capogiro c\u2019\u00e8 sicuramente Cefal\u00f9: \u201cI dati di arrivo e presenze sono in crescita rispetto al 2019, con un forte traino di turismo straniero \u2013 ha dichiarato il sindaco Daniele Tumminello -. Il nostro sistema di ospitalit\u00e0 \u00e8 cresciuto negli anni. Stiamo lavorando per accrescere anche il turismo di prossimit\u00e0, che io definisco di scelta\u201d. <br \/>Elemento importante per lo sviluppo del turismo \u00e8 anche lo sport, mercato che in Sicilia ha un valore di 1,1 miliardi (dati 2021) ed \u00e8 prevista una crescita del 14% nei prossimi anni, per raggiungere i 4,1 miliardi nel 2030. Numeri evidenziati dall&#8217;\u201dOsservatorio Sport e Turismo\u201d nel corso della \u201cPalermo Sport Tourism Arena\u201d. \u201cLo sport \u00e8 un\u2019enorme fetta del turismo della citt\u00e0 \u2013 ha puntualizzato Sabrina Figuccia, assessore al Turismo, Sport e politiche giovanili della Citt\u00e0 di Palermo -. E\u2019 un volano importante per il rilancio economico\u201d.<br \/>foto xd6 Italpress<br \/>(ITALPRESS).<div id=\"div-gpt-ad-Messinaoggi.it-DSK-300x250-corpoart\" style=\"text-align:center;margin:0 auto;\"><\/div><\/p>\n<\/div>\n<div id=\"videoincontent\" style=\"clear:both\";><\/div>","protected":false},"excerpt":{"rendered":"<p>PALERMO (ITALPRESS) \u2013 Andamento turistico della stagione estiva appena conclusa e prospettive per il prossimo futuro: questi i temi discussi nel corso del convegno FIAIP: \u201cTeC Palermo 2022 \u2013 Turismo e Case nell\u2019Area Metropolitana\u201d, che si \u00e8 svolto all\u2019Astoria Palace hotel, nel capoluogo siciliano. Locazioni brevi e locazioni turistiche, numero di intermediazioni e processi per [&hellip;]<\/p>\n","protected":false},"author":18,"featured_media":127093,"comment_status":"closed","ping_status":"closed","sticky":false,"template":"","format":"standard","meta":{"ub_ctt_via":"","_mi_skip_tracking":false},"categories":[2449],"tags":[783],"featured_image_src":"https:\/\/www.messinaoggi.it\/website\/wp-content\/uploads\/2022\/10\/20221024_1820.jpg","author_info":{"display_name":"Admin","author_link":"https:\/\/www.messinaoggi.it\/website\/author\/admin\/"},"digistream_id":0,"digistream":false,"_links":{"self":[{"href":"https:\/\/www.messinaoggi.it\/website\/wp-json\/wp\/v2\/posts\/127092"}],"collection":[{"href":"https:\/\/www.messinaoggi.it\/website\/wp-json\/wp\/v2\/posts"}],"about":[{"href":"https:\/\/www.messinaoggi.it\/website\/wp-json\/wp\/v2\/types\/post"}],"author":[{"embeddable":true,"href":"https:\/\/www.messinaoggi.it\/website\/wp-json\/wp\/v2\/users\/18"}],"replies":[{"embeddable":true,"href":"https:\/\/www.messinaoggi.it\/website\/wp-json\/wp\/v2\/comments?post=127092"}],"version-history":[{"count":0,"href":"https:\/\/www.messinaoggi.it\/website\/wp-json\/wp\/v2\/posts\/127092\/revisions"}],"wp:featuredmedia":[{"embeddable":true,"href":"https:\/\/www.messinaoggi.it\/website\/wp-json\/wp\/v2\/media\/127093"}],"wp:attachment":[{"href":"https:\/\/www.messinaoggi.it\/website\/wp-json\/wp\/v2\/media?parent=127092"}],"wp:term":[{"taxonomy":"category","embeddable":true,"href":"https:\/\/www.messinaoggi.it\/website\/wp-json\/wp\/v2\/categories?post=127092"},{"taxonomy":"post_tag","embeddable":true,"href":"https:\/\/www.messinaoggi.it\/website\/wp-json\/wp\/v2\/tags?post=127092"}],"curies":[{"name":"wp","href":"https:\/\/api.w.org\/{rel}","templated":true}]}}