{"id":127052,"date":"2022-10-24T17:07:57","date_gmt":"2022-10-24T15:07:57","guid":{"rendered":"https:\/\/www.messinaoggi.it\/website\/2022\/10\/24\/appello-feduf-leducazione-finanziaria-sia-un-diritto-per-i-giovani\/"},"modified":"2022-10-24T17:07:57","modified_gmt":"2022-10-24T15:07:57","slug":"appello-feduf-leducazione-finanziaria-sia-un-diritto-per-i-giovani","status":"publish","type":"post","link":"https:\/\/www.messinaoggi.it\/website\/2022\/10\/24\/appello-feduf-leducazione-finanziaria-sia-un-diritto-per-i-giovani\/","title":{"rendered":"Appello FEduF, l\u2019educazione finanziaria sia un diritto per i giovani"},"content":{"rendered":"<div>ROMA (ITALPRESS) &#8211; Il percorso verso un&#8217;adeguata diffusione dell&#8217;educazione finanziaria nel nostro Paese \u00e8 ancora lungo, malgrado i numerosi studi promossi sia da soggetti istituzionali sia da soggetti privati ne confermino l&#8217;urgenza. Tuttavia, le competenze di economia non sono percepite come una priorit\u00e0 formativa dagli italiani: solo il 21% dei nostri connazionali le ritiene essenziali per agire in modo responsabile e fare scelte consapevoli, contro il 43% che ritiene prioritaria la formazione nell&#8217;ambito della salute per la prevenzione delle malattie; il 41% che si focalizza sulla sostenibilit\u00e0 per limitare l&#8217;impatto delle attivit\u00e0 umane sull&#8217;ambiente; il 27% che si indirizza verso i temi dell&#8217;alimentazione legati alla salute e al consumo di risorse (L&#8217;approccio all&#8217;economia e il vissuto degli italiani, Ipsos per FEduF, giugno 2022).<br \/>Dopo i saluti introduttivi del presidente dell&#8217;ABI Antonio Patuelli, del direttore generale dell&#8217;ABI Giovanni Sabatini, di Stefano Lucchini &#8211; presidente della FEduF, del direttore generale della DG Ordinamenti del ministero dell&#8217;Istruzione Fabrizio Manca, della direttrice del Comitato Nazionale Edufin Annamaria Lusardi e di Marcello Presicci, presidente dell&#8217;Advisory Board della Fondazione, la priorit\u00e0 della formazione economica delle nuove generazioni \u00e8 emersa con forza durante l&#8217;incontro &#8220;La giornata dell&#8217;educazione finanziaria &#8211; Perch\u00e8 il risparmio parte dai giovani&#8221;, moderato da Roberto Sommella &#8211; direttore di MF-Milano Finanza. L&#8217;evento ha rappresentato un&#8217;occasione di riflessione tra circa 400 studenti delle scuole secondarie di II grado e alcuni protagonisti del mondo economico &#8211; Andrea Abodi, gi\u00e0 presidente Istituto per il Credito Sportivo &#8211; Francesca di Carrobio, amministratore delegato Hermes Italia &#8211; Cristina Catania, Senior Partner McKinsey e Massimo Lapucci, segretario generale Fondazione CRT &#8211; sul diritto dei giovani ad acquisire competenze economiche di base, nel rispetto dell&#8217;art. 47 della Costituzione.<br \/>&#8220;Il dibattito di oggi concentra l&#8217;attenzione sulla indispensabile esigenza di accelerare il processo di crescita delle competenze economiche degli italiani, a partire dai pi\u00f9 giovani e da chi, da questo punto di vista, ha pi\u00f9 bisogno. Oggi tutto ci\u00f2 diventa ancora pi\u00f9 importante poich\u00e8 le conseguenze economiche della guerra alle porte dell&#8217;Europa ci riguardano come cittadini, consumatori e risparmiatori e ci riportano bruscamente all&#8217;indietro, ai tempi della grande inflazione e della crisi energetica degli Anni Settanta del secolo scorso &#8211; commenta Stefano Lucchini, presidente della Fondazione per l&#8217;Educazione Finanziaria &#8211; Nessuno di noi da solo pu\u00f2 contrastare gli effetti della geopolitica o i movimenti dei mercati, ma un accesso pi\u00f9 ampio all&#8217;educazione finanziaria pu\u00f2 aiutare a mitigarne gli effetti sulle famiglie e sul Paese: per questa ragione oggi abbiamo scelto di diffondere il nostro appello per l&#8217;educazione finanziaria, competenza sempre pi\u00f9 centrale e diritto universale per tutti ma, in particolare, per le generazioni pi\u00f9 giovani&#8221;.<br \/>Le nuove generazioni vivono oggi un momento particolarmente complesso perch\u00e8 si trovano ad affrontare il pi\u00f9 grande aumento di prezzi degli ultimi quarant&#8217;anni: un alto tasso di inflazione \u00e8 particolarmente dannoso per tutti ma specialmente per i pi\u00f9 giovani perch\u00e8 non hanno a disposizione le risorse necessarie per far quadrare i conti nonostante l&#8217;impennata dei prezzi.<br \/>&#8220;Essere in grado di gestire le proprie finanze, soprattutto in un periodo storico caratterizzato da eventi inattesi e con effetti negativi sull&#8217;economia e sul benessere delle persone, \u00e8 il requisito fondamentale per vivere bene sia personalmente sia come societ\u00e0 nel suo insieme &#8211; commenta Marcello Presicci, presidente dell&#8217;Advisory Board della Fondazione per l&#8217;Educazione Finanziaria e a Risparmio &#8211; ed \u00e8 per questa ragione che il dibattito sull&#8217;educazione finanziaria con le giovani generazioni diventa centrale in un&#8217;ottica di miglioramento della gestione del proprio denaro, ossia di risparmio&#8221;.<br \/>&#8220;La giornata dell&#8217;educazione finanziaria &#8211; Perch\u00e8 il risparmio parte dai giovani&#8221;, \u00e8 realizzata da FEduF (ABI) in collaborazione con Milano Finanza e rientra nell&#8217;ambito delle iniziative del Mese dell&#8217;Educazione finanziaria (#OttobreEdufin2022), promosso dal Comitato per la programmazione e il coordinamento delle attivit\u00e0 di educazione finanziaria che per tutto ottobre porter\u00e0 in tutta Italia eventi e iniziative dedicate alle conoscenze e competenze finanziarie, assicurative e previdenziali.<div id=\"div-gpt-ad-Messinaoggi.it-DSK-300x250-corpoart\" style=\"text-align:center;margin:0 auto;\"><\/div><\/p>\n<p>&#8211; foto ufficio stampa FEduF &#8211;<br \/>(ITALPRESS).<\/div>\n<div id=\"videoincontent\" style=\"clear:both\";><\/div>","protected":false},"excerpt":{"rendered":"<p>ROMA (ITALPRESS) &#8211; Il percorso verso un&#8217;adeguata diffusione dell&#8217;educazione finanziaria nel nostro Paese \u00e8 ancora lungo, malgrado i numerosi studi promossi sia da soggetti istituzionali sia da soggetti privati ne confermino l&#8217;urgenza. Tuttavia, le competenze di economia non sono percepite come una priorit\u00e0 formativa dagli italiani: solo il 21% dei nostri connazionali le ritiene essenziali [&hellip;]<\/p>\n","protected":false},"author":18,"featured_media":127053,"comment_status":"closed","ping_status":"closed","sticky":false,"template":"","format":"standard","meta":{"ub_ctt_via":"","_mi_skip_tracking":false},"categories":[446],"tags":[783],"featured_image_src":"https:\/\/www.messinaoggi.it\/website\/wp-content\/uploads\/2022\/10\/20221024_1251.jpg","author_info":{"display_name":"Admin","author_link":"https:\/\/www.messinaoggi.it\/website\/author\/admin\/"},"digistream_id":0,"digistream":false,"_links":{"self":[{"href":"https:\/\/www.messinaoggi.it\/website\/wp-json\/wp\/v2\/posts\/127052"}],"collection":[{"href":"https:\/\/www.messinaoggi.it\/website\/wp-json\/wp\/v2\/posts"}],"about":[{"href":"https:\/\/www.messinaoggi.it\/website\/wp-json\/wp\/v2\/types\/post"}],"author":[{"embeddable":true,"href":"https:\/\/www.messinaoggi.it\/website\/wp-json\/wp\/v2\/users\/18"}],"replies":[{"embeddable":true,"href":"https:\/\/www.messinaoggi.it\/website\/wp-json\/wp\/v2\/comments?post=127052"}],"version-history":[{"count":0,"href":"https:\/\/www.messinaoggi.it\/website\/wp-json\/wp\/v2\/posts\/127052\/revisions"}],"wp:featuredmedia":[{"embeddable":true,"href":"https:\/\/www.messinaoggi.it\/website\/wp-json\/wp\/v2\/media\/127053"}],"wp:attachment":[{"href":"https:\/\/www.messinaoggi.it\/website\/wp-json\/wp\/v2\/media?parent=127052"}],"wp:term":[{"taxonomy":"category","embeddable":true,"href":"https:\/\/www.messinaoggi.it\/website\/wp-json\/wp\/v2\/categories?post=127052"},{"taxonomy":"post_tag","embeddable":true,"href":"https:\/\/www.messinaoggi.it\/website\/wp-json\/wp\/v2\/tags?post=127052"}],"curies":[{"name":"wp","href":"https:\/\/api.w.org\/{rel}","templated":true}]}}