{"id":127044,"date":"2022-10-24T16:07:50","date_gmt":"2022-10-24T14:07:50","guid":{"rendered":"https:\/\/www.messinaoggi.it\/website\/2022\/10\/24\/postmodernita-e-pandemia-in-un-saggio-origini-e-sviluppi-del-covid\/"},"modified":"2022-10-24T16:07:50","modified_gmt":"2022-10-24T14:07:50","slug":"postmodernita-e-pandemia-in-un-saggio-origini-e-sviluppi-del-covid","status":"publish","type":"post","link":"https:\/\/www.messinaoggi.it\/website\/2022\/10\/24\/postmodernita-e-pandemia-in-un-saggio-origini-e-sviluppi-del-covid\/","title":{"rendered":"\u201cPostmodernit\u00e0 e pandemia\u201d, in un saggio origini e sviluppi del Covid"},"content":{"rendered":"<div>ROMA (ITALPRESS) &#8211; &#8220;Il mondo, come lo si conosceva prima della pandemia del 2020, non esiste pi\u00f9. Messo a nudo di fronte alla Storia, l&#8217;uomo postmoderno pare assurgere a fragile espressione di societ\u00e0 strutturalmente precarie, rimodellate dal tramonto delle grandi narrazioni di stampo ideologico, dal progressivo indebolimento dei corpi intermedi e dai processi di ri-spazializzazione figli della rivoluzione digitale. Societ\u00e0 pervase dal dominio dell&#8217;eterno presente, in cui la memoria, svuotata dalle funzioni educative, diventa pallido ricordo e il futuro, da terra di opportunit\u00e0, assume inquietanti contorni distopici. Societ\u00e0 edonistiche, nelle quali la spasmodica ricerca di consenso individuale prevale sull&#8217;analisi della complessit\u00e0 e sulla costruzione di verit\u00e0 condivise mediate dalla ragione. Societ\u00e0 contraddittorie, dove la corsa alla modernizzazione partorisce asincronie madri di nuove sacche di marginalit\u00e0: linee di frattura che, sovente, violano le un tempo impenetrabili mura domestiche. Il brusco risveglio imposto dal Covid-19 sar\u00e0 sufficiente a determinare un cambio di rotta sul piano delle politiche pubbliche non meno che su quello dell&#8217;approccio soggettivo alle sfide del Terzo millennio?&#8221;. E&#8217; con queste parole che il giornalista triestino Demetrio Filippo Damiani sceglie di presentare il proprio saggio &#8220;Postmodernit\u00e0 e pandemia. L&#8217;uomo marginale ai tempi del Covid-19&#8221;. Edito da Affinit\u00e0 Elettive, il lavoro trae spunto dall&#8217;esperienza maturata dall&#8217;autore alla direzione dell&#8217;agenzia di stampa di Regione Autonoma Friuli Venezia Giulia: un mandato che gli ha consentito di osservare da una posizione privilegiata il delicato intreccio relazionale venutosi a determinare tra cittadini, decisori politici, organi di informazione e mezzi di comunicazione di massa.<br \/>&#8220;Una pubblicazione &#8211; precisa tuttavia Damiani &#8211; il cui obiettivo non \u00e8 formulare giudizi o proporre analisi didascaliche, bens\u00ec mettere in fila alcuni specifici obiettivi di indagine al fine di agevolare la lettura di una realt\u00e0 complessa, di cui il Covid stesso non \u00e8 che semplice epifenomeno&#8221;.<div id=\"div-gpt-ad-Messinaoggi.it-DSK-300x250-corpoart\" style=\"text-align:center;margin:0 auto;\"><\/div><\/p>\n<p>&#8211; foto fornita dall&#8217;autore del libro &#8211;<br \/>(ITALPRESS).<\/div>\n<div id=\"videoincontent\" style=\"clear:both\";><\/div>","protected":false},"excerpt":{"rendered":"<p>ROMA (ITALPRESS) &#8211; &#8220;Il mondo, come lo si conosceva prima della pandemia del 2020, non esiste pi\u00f9. Messo a nudo di fronte alla Storia, l&#8217;uomo postmoderno pare assurgere a fragile espressione di societ\u00e0 strutturalmente precarie, rimodellate dal tramonto delle grandi narrazioni di stampo ideologico, dal progressivo indebolimento dei corpi intermedi e dai processi di ri-spazializzazione [&hellip;]<\/p>\n","protected":false},"author":18,"featured_media":127045,"comment_status":"closed","ping_status":"closed","sticky":false,"template":"","format":"standard","meta":{"ub_ctt_via":"","_mi_skip_tracking":false},"categories":[446],"tags":[783],"featured_image_src":"https:\/\/www.messinaoggi.it\/website\/wp-content\/uploads\/2022\/10\/20221024_0810.jpg","author_info":{"display_name":"Admin","author_link":"https:\/\/www.messinaoggi.it\/website\/author\/admin\/"},"digistream_id":0,"digistream":false,"_links":{"self":[{"href":"https:\/\/www.messinaoggi.it\/website\/wp-json\/wp\/v2\/posts\/127044"}],"collection":[{"href":"https:\/\/www.messinaoggi.it\/website\/wp-json\/wp\/v2\/posts"}],"about":[{"href":"https:\/\/www.messinaoggi.it\/website\/wp-json\/wp\/v2\/types\/post"}],"author":[{"embeddable":true,"href":"https:\/\/www.messinaoggi.it\/website\/wp-json\/wp\/v2\/users\/18"}],"replies":[{"embeddable":true,"href":"https:\/\/www.messinaoggi.it\/website\/wp-json\/wp\/v2\/comments?post=127044"}],"version-history":[{"count":0,"href":"https:\/\/www.messinaoggi.it\/website\/wp-json\/wp\/v2\/posts\/127044\/revisions"}],"wp:featuredmedia":[{"embeddable":true,"href":"https:\/\/www.messinaoggi.it\/website\/wp-json\/wp\/v2\/media\/127045"}],"wp:attachment":[{"href":"https:\/\/www.messinaoggi.it\/website\/wp-json\/wp\/v2\/media?parent=127044"}],"wp:term":[{"taxonomy":"category","embeddable":true,"href":"https:\/\/www.messinaoggi.it\/website\/wp-json\/wp\/v2\/categories?post=127044"},{"taxonomy":"post_tag","embeddable":true,"href":"https:\/\/www.messinaoggi.it\/website\/wp-json\/wp\/v2\/tags?post=127044"}],"curies":[{"name":"wp","href":"https:\/\/api.w.org\/{rel}","templated":true}]}}