{"id":127015,"date":"2022-10-24T13:07:53","date_gmt":"2022-10-24T11:07:53","guid":{"rendered":"https:\/\/www.messinaoggi.it\/website\/2022\/10\/24\/confintesa-al-governo-serve-un-piano-per-il-lavoro-bene-calderone\/"},"modified":"2022-10-24T13:07:53","modified_gmt":"2022-10-24T11:07:53","slug":"confintesa-al-governo-serve-un-piano-per-il-lavoro-bene-calderone","status":"publish","type":"post","link":"https:\/\/www.messinaoggi.it\/website\/2022\/10\/24\/confintesa-al-governo-serve-un-piano-per-il-lavoro-bene-calderone\/","title":{"rendered":"Confintesa al Governo \u201cServe un piano per il lavoro, bene Calderone\u201d"},"content":{"rendered":"<div>ROMA (ITALPRESS) &#8211; &#8220;Confintesa si augura che il Governo presieduto da Giorgia Meloni e che, dopo molti anni, \u00e8 finalmente espressione di una chiara volont\u00e0 popolare, possa dare risposte concrete ai gravi problemi che incombono sulle famiglie e sulle imprese italiane&#8221;. Lo ha dichiarato Francesco Prudenzano, segretario generale di Confintesa, in merito all&#8217;incarico che il presidente della Repubblica Sergio Mattarella ha affidato a Giorgia Meloni che in tempi rapidissimi ha permesso che questo entrasse in carica dopo il giuramento. &#8220;Dal caro bollette alle crisi aziendali che stanno minando i livelli occupazionali, da una scuola massacrata dai banchi a rotelle ad una politica fiscale che va ridisegnata e resa pi\u00f9 equa, i problemi che si presentano sul tavolo di Giorgia Meloni sono molti e tutti impegnativi &#8211; ha aggiunto -. Confintesa auspica anche che il presidente Meloni voglia farsi interprete della volont\u00e0 del popolo italiano che, in ordine alla crisi tra Russia e Ucraina, chiede a gran voce una soluzione di pace legata al dialogo e non alle armi&#8221;.<br \/>Secondo Prudenzano, &#8220;altra tematica cui il presidente Meloni dovr\u00e0 dare molta attenzione riguarda tutta la materia del lavoro e dei salari e in questo campo la scelta di Marina Calderone come ministro del Lavoro \u00e8 giudicata positiva da Confintesa che riconosce alla dottoressa Calderone tutta la professionalit\u00e0 e la competenza necessaria per affrontare i problemi del lavoro avendo la neo ministra una vasta esperienza maturata nell&#8217;Ordine dei Consulenti del Lavoro di cui lei \u00e8 presidente, che le permetter\u00e0 sicuramente di trovare il giusto equilibrio tra le esigenze dei lavoratori dipendenti, le esigenze delle imprese e quelle della Nazione&#8221;. &#8220;Una particolare attenzione &#8211; ha continuato il segretario generale di Confintesa &#8211; dovr\u00e0 essere rivolta verso il potere di acquisto delle pensioni e dei salari e all&#8217;aiuto verso le fasce pi\u00f9 deboli cercando di evitare inutili sprechi di sussidi ma rimanendo legati al principio della solidariet\u00e0 verso chi in et\u00e0 avanzata sta perdendo il lavoro o non pu\u00f2 lavorare per impedimenti fisici&#8221;.<br \/>Infine, &#8220;Confintesa chiede che il rapporto tra parti sociali e Governo diventi il pi\u00f9 partecipato possibile evitando, per\u00f2, gestioni monopoliste della rappresentanza ma tenendo conto della reale rappresentativit\u00e0 delle organizzazioni che debbono essere ascoltate dal Governo. Buon lavoro, presidente Meloni, &#8211; conclude Prudenzano &#8211; Confintesa si aspetta da Lei una discontinuit\u00e0 dal passato che riporti le famiglie, le imprese e tutto il mondo del lavoro in condizione di riappropriarsi di una competitivit\u00e0 a livello internazionale che si \u00e8 persa a causa di scelte sbagliate operate dai Governi precedenti&#8221;.<div id=\"div-gpt-ad-Messinaoggi.it-DSK-300x250-corpoart\" style=\"text-align:center;margin:0 auto;\"><\/div><\/p>\n<p>&#8211; foto ufficio stampa Confintesa &#8211;<br \/>(ITALPRESS).<\/div>\n<div id=\"videoincontent\" style=\"clear:both\";><\/div>","protected":false},"excerpt":{"rendered":"<p>ROMA (ITALPRESS) &#8211; &#8220;Confintesa si augura che il Governo presieduto da Giorgia Meloni e che, dopo molti anni, \u00e8 finalmente espressione di una chiara volont\u00e0 popolare, possa dare risposte concrete ai gravi problemi che incombono sulle famiglie e sulle imprese italiane&#8221;. Lo ha dichiarato Francesco Prudenzano, segretario generale di Confintesa, in merito all&#8217;incarico che il [&hellip;]<\/p>\n","protected":false},"author":18,"featured_media":127016,"comment_status":"closed","ping_status":"closed","sticky":false,"template":"","format":"standard","meta":{"ub_ctt_via":"","_mi_skip_tracking":false},"categories":[446],"tags":[783],"featured_image_src":"https:\/\/www.messinaoggi.it\/website\/wp-content\/uploads\/2022\/10\/20221024_0302.jpg","author_info":{"display_name":"Admin","author_link":"https:\/\/www.messinaoggi.it\/website\/author\/admin\/"},"digistream_id":0,"digistream":false,"_links":{"self":[{"href":"https:\/\/www.messinaoggi.it\/website\/wp-json\/wp\/v2\/posts\/127015"}],"collection":[{"href":"https:\/\/www.messinaoggi.it\/website\/wp-json\/wp\/v2\/posts"}],"about":[{"href":"https:\/\/www.messinaoggi.it\/website\/wp-json\/wp\/v2\/types\/post"}],"author":[{"embeddable":true,"href":"https:\/\/www.messinaoggi.it\/website\/wp-json\/wp\/v2\/users\/18"}],"replies":[{"embeddable":true,"href":"https:\/\/www.messinaoggi.it\/website\/wp-json\/wp\/v2\/comments?post=127015"}],"version-history":[{"count":0,"href":"https:\/\/www.messinaoggi.it\/website\/wp-json\/wp\/v2\/posts\/127015\/revisions"}],"wp:featuredmedia":[{"embeddable":true,"href":"https:\/\/www.messinaoggi.it\/website\/wp-json\/wp\/v2\/media\/127016"}],"wp:attachment":[{"href":"https:\/\/www.messinaoggi.it\/website\/wp-json\/wp\/v2\/media?parent=127015"}],"wp:term":[{"taxonomy":"category","embeddable":true,"href":"https:\/\/www.messinaoggi.it\/website\/wp-json\/wp\/v2\/categories?post=127015"},{"taxonomy":"post_tag","embeddable":true,"href":"https:\/\/www.messinaoggi.it\/website\/wp-json\/wp\/v2\/tags?post=127015"}],"curies":[{"name":"wp","href":"https:\/\/api.w.org\/{rel}","templated":true}]}}