{"id":127012,"date":"2022-10-24T12:07:53","date_gmt":"2022-10-24T10:07:53","guid":{"rendered":"https:\/\/www.messinaoggi.it\/website\/2022\/10\/24\/fred-de-palma-e-baby-k-a-catania-per-il-lancio-del-nuovo-glo-hyper-x2\/"},"modified":"2022-10-24T12:07:53","modified_gmt":"2022-10-24T10:07:53","slug":"fred-de-palma-e-baby-k-a-catania-per-il-lancio-del-nuovo-glo-hyper-x2","status":"publish","type":"post","link":"https:\/\/www.messinaoggi.it\/website\/2022\/10\/24\/fred-de-palma-e-baby-k-a-catania-per-il-lancio-del-nuovo-glo-hyper-x2\/","title":{"rendered":"Fred de Palma e Baby K a Catania per il lancio del nuovo glo Hyper X2"},"content":{"rendered":"<div>CATANIA (ITALPRESS) &#8211; Per celebrare il lancio del suo ultimo dispositivo, glo ha organizzato un tour di eventi musicali in diverse citt\u00e0 della penisola per coinvolgere la community e vivere insieme una serata di intrattenimento e spettacolo. Dopo la tappa di Milano, con il concerto a sorpresa di Achille Lauro in Darsena, e di Roma con Baby K e Fred De Palma, l&#8217;evento di lancio \u00e8 arrivato a Catania per far vivere a tutti un&#8217;esperienza indimenticabile.<br \/>Da quando \u00e8 stato introdotto sul mercato, glo ha sempre promosso una filosofia basata sulla condivisione di esperienze uniche e sulla possibilit\u00e0 di esprimere se stessi e ha raccolto attorno a s\u00e8 una community di persone appassionate di design, tecnologia, arte e musica, che vivono con crescente entusiasmo le esperienze coinvolgenti proposte dal brand.<br \/>Per la terza tappa del suo tour di lancio, tenutasi a Palazzo Biscari, glo ha organizzato un esclusivo spettacolo di luci e musica dal vivo. Gi\u00e0 ospiti nella tappa romana, gli artisti Baby K e Fred De Palma, icone della scena musicale e rap italiana, si sono esibiti sul palco cantando le loro hit pi\u00f9 famose, facendo ballare i numerosi ospiti della serata.<br \/>Una grande festa per celebrare l&#8217;arrivo del nuovo glo Hyper X2: un dispositivo innovativo, dal design leggero ed ergonomico, studiato per regalare alle persone un&#8217;esperienza di utilizzo ancora pi\u00f9 semplice.<br \/>glo Hyper X2 \u00e8 caratterizzato da un design ergonomico e funzionale: \u00e8 infatti il modello pi\u00f9 piccolo, leggero e compatto della gamma. Il risultato \u00e8 un prodotto estremamente maneggevole che offre una doppia modalit\u00e0 di utilizzo attraverso due pulsanti, Standard e Boost, che permette di regolarne l&#8217;intensit\u00e0 in modo ancora pi\u00f9 semplice. Anche l&#8217;apertura superiore \u00e8 stata migliorata, a garanzia di una maggiore igiene. glo Hyper X2 \u00e8 disponibile in una gamma colori rinnovata e ampliata; sono 7 le tonalit\u00e0 differenti: bianco e oro, nero e rosso, verde, kaki, arancione, blu e nero.<div id=\"div-gpt-ad-Messinaoggi.it-DSK-300x250-corpoart\" style=\"text-align:center;margin:0 auto;\"><\/div><\/p>\n<p>&#8211; foto ufficio stampa MSL Group &#8211;<br \/>(ITALPRESS).<\/div>\n<div id=\"videoincontent\" style=\"clear:both\";><\/div>","protected":false},"excerpt":{"rendered":"<p>CATANIA (ITALPRESS) &#8211; Per celebrare il lancio del suo ultimo dispositivo, glo ha organizzato un tour di eventi musicali in diverse citt\u00e0 della penisola per coinvolgere la community e vivere insieme una serata di intrattenimento e spettacolo. Dopo la tappa di Milano, con il concerto a sorpresa di Achille Lauro in Darsena, e di Roma [&hellip;]<\/p>\n","protected":false},"author":18,"featured_media":127013,"comment_status":"closed","ping_status":"closed","sticky":false,"template":"","format":"standard","meta":{"ub_ctt_via":"","_mi_skip_tracking":false},"categories":[446],"tags":[783],"featured_image_src":"https:\/\/www.messinaoggi.it\/website\/wp-content\/uploads\/2022\/10\/20221024_0282.jpg","author_info":{"display_name":"Admin","author_link":"https:\/\/www.messinaoggi.it\/website\/author\/admin\/"},"digistream_id":0,"digistream":false,"_links":{"self":[{"href":"https:\/\/www.messinaoggi.it\/website\/wp-json\/wp\/v2\/posts\/127012"}],"collection":[{"href":"https:\/\/www.messinaoggi.it\/website\/wp-json\/wp\/v2\/posts"}],"about":[{"href":"https:\/\/www.messinaoggi.it\/website\/wp-json\/wp\/v2\/types\/post"}],"author":[{"embeddable":true,"href":"https:\/\/www.messinaoggi.it\/website\/wp-json\/wp\/v2\/users\/18"}],"replies":[{"embeddable":true,"href":"https:\/\/www.messinaoggi.it\/website\/wp-json\/wp\/v2\/comments?post=127012"}],"version-history":[{"count":0,"href":"https:\/\/www.messinaoggi.it\/website\/wp-json\/wp\/v2\/posts\/127012\/revisions"}],"wp:featuredmedia":[{"embeddable":true,"href":"https:\/\/www.messinaoggi.it\/website\/wp-json\/wp\/v2\/media\/127013"}],"wp:attachment":[{"href":"https:\/\/www.messinaoggi.it\/website\/wp-json\/wp\/v2\/media?parent=127012"}],"wp:term":[{"taxonomy":"category","embeddable":true,"href":"https:\/\/www.messinaoggi.it\/website\/wp-json\/wp\/v2\/categories?post=127012"},{"taxonomy":"post_tag","embeddable":true,"href":"https:\/\/www.messinaoggi.it\/website\/wp-json\/wp\/v2\/tags?post=127012"}],"curies":[{"name":"wp","href":"https:\/\/api.w.org\/{rel}","templated":true}]}}