{"id":127010,"date":"2022-10-24T12:07:52","date_gmt":"2022-10-24T10:07:52","guid":{"rendered":"https:\/\/www.messinaoggi.it\/website\/2022\/10\/24\/von-der-leyen-a-novembre-strategia-europea-per-la-salute\/"},"modified":"2022-10-24T12:07:52","modified_gmt":"2022-10-24T10:07:52","slug":"von-der-leyen-a-novembre-strategia-europea-per-la-salute","status":"publish","type":"post","link":"https:\/\/www.messinaoggi.it\/website\/2022\/10\/24\/von-der-leyen-a-novembre-strategia-europea-per-la-salute\/","title":{"rendered":"Von der Leyen \u201cA novembre strategia europea per la salute\u201d"},"content":{"rendered":"<div>ROMA (ITALPRESS) &#8211; &#8220;Tutti a Grand Challenges si impegnano per l&#8217;equit\u00e0 e la salute globale. Siamo sulla strada giusta, ma abbiamo ancora un p\u00f2 di strada da fare. Il prossimo mese la Commissione europea presenter\u00e0 la strategia europea per la salute globale. Per progredire insieme verso il nostro obiettivo globale&#8221;. Cos\u00ec, su Twitter, la presidente della Commissione europea, Ursula von der Leyen, in occasione del suo intervento al Grand challenges annual meeting 2022 di Bruxelles. <br \/>(ITALPRESS).<br \/>-foto agenziafotogramma.it-<\/div>\n<div id=\"div-gpt-ad-Messinaoggi.it-DSK-300x250-corpoart\" style=\"text-align:center;margin:0 auto;\"><\/div><\/p><div id=\"videoincontent\" style=\"clear:both\";><\/div>","protected":false},"excerpt":{"rendered":"<p>ROMA (ITALPRESS) &#8211; &#8220;Tutti a Grand Challenges si impegnano per l&#8217;equit\u00e0 e la salute globale. Siamo sulla strada giusta, ma abbiamo ancora un p\u00f2 di strada da fare. Il prossimo mese la Commissione europea presenter\u00e0 la strategia europea per la salute globale. Per progredire insieme verso il nostro obiettivo globale&#8221;. Cos\u00ec, su Twitter, la presidente [&hellip;]<\/p>\n","protected":false},"author":18,"featured_media":127011,"comment_status":"closed","ping_status":"closed","sticky":false,"template":"","format":"standard","meta":{"ub_ctt_via":"","_mi_skip_tracking":false},"categories":[446],"tags":[783],"featured_image_src":"https:\/\/www.messinaoggi.it\/website\/wp-content\/uploads\/2022\/10\/20221024_0275.jpg","author_info":{"display_name":"Admin","author_link":"https:\/\/www.messinaoggi.it\/website\/author\/admin\/"},"digistream_id":0,"digistream":false,"_links":{"self":[{"href":"https:\/\/www.messinaoggi.it\/website\/wp-json\/wp\/v2\/posts\/127010"}],"collection":[{"href":"https:\/\/www.messinaoggi.it\/website\/wp-json\/wp\/v2\/posts"}],"about":[{"href":"https:\/\/www.messinaoggi.it\/website\/wp-json\/wp\/v2\/types\/post"}],"author":[{"embeddable":true,"href":"https:\/\/www.messinaoggi.it\/website\/wp-json\/wp\/v2\/users\/18"}],"replies":[{"embeddable":true,"href":"https:\/\/www.messinaoggi.it\/website\/wp-json\/wp\/v2\/comments?post=127010"}],"version-history":[{"count":0,"href":"https:\/\/www.messinaoggi.it\/website\/wp-json\/wp\/v2\/posts\/127010\/revisions"}],"wp:featuredmedia":[{"embeddable":true,"href":"https:\/\/www.messinaoggi.it\/website\/wp-json\/wp\/v2\/media\/127011"}],"wp:attachment":[{"href":"https:\/\/www.messinaoggi.it\/website\/wp-json\/wp\/v2\/media?parent=127010"}],"wp:term":[{"taxonomy":"category","embeddable":true,"href":"https:\/\/www.messinaoggi.it\/website\/wp-json\/wp\/v2\/categories?post=127010"},{"taxonomy":"post_tag","embeddable":true,"href":"https:\/\/www.messinaoggi.it\/website\/wp-json\/wp\/v2\/tags?post=127010"}],"curies":[{"name":"wp","href":"https:\/\/api.w.org\/{rel}","templated":true}]}}