{"id":126983,"date":"2022-10-24T10:07:55","date_gmt":"2022-10-24T08:07:55","guid":{"rendered":"https:\/\/www.messinaoggi.it\/website\/2022\/10\/24\/zangrillo-nella-pubblica-amministrazione-serve-velocita-e-risultati\/"},"modified":"2022-10-24T10:07:55","modified_gmt":"2022-10-24T08:07:55","slug":"zangrillo-nella-pubblica-amministrazione-serve-velocita-e-risultati","status":"publish","type":"post","link":"https:\/\/www.messinaoggi.it\/website\/2022\/10\/24\/zangrillo-nella-pubblica-amministrazione-serve-velocita-e-risultati\/","title":{"rendered":"Zangrillo \u201cNella Pubblica Amministrazione serve velocit\u00e0 e risultati\u201d"},"content":{"rendered":"<div>ROMA (ITALPRESS) &#8211; Alla riforma della Pubblica Amministrazione di Renato Brunetta bisogna aggiungere &#8220;la velocit\u00e0 e l&#8217;essere virtuosi nel far accadere le cose. Dobbiamo essere capaci di misurare i risultati. Non devono quindi esserci tab\u00f9&#8221;. Lo ha detto a Radio24 il ministro per la Pubblica Amministrazione Paolo Zangrillo. &#8220;Dobbiamo abituare la Pubblica Amministrazione ad avere la responsabilit\u00e0 sui risultati, che significa lavorare su come misurare i risultati di quello che facciamo. Altrimenti, il rischio \u00e8 fare grandi progetti ma che nella realt\u00e0 non si realizzano perch\u00e8 le persone non le percepiscono&#8221;, ha aggiunto. Sulla riforma della Pubblica  Amministrazione prodotta da Renato Brunetta, &#8220;c&#8217;\u00e8 da salvare tutto. Renato ha avviato una profonda riforma della Pubblica Amministrazione che contiene tutto quello che serve per farla diventare uno dei motori dello sviluppo del nostro Paese: modernizzazione, che significa digitalizzazione, semplificazione. Io poi lavorer\u00f2 molto sull&#8217;orgoglio di appartenenza. Sono molto dispiaciuto &#8211; ha spiegato &#8211; quando leggo o ascolto la narrazione della Pubblica Amministrazione fatta di fannulloni. In questi due giorni sono stato nella mia sede, ho incontrato i dirigenti e persone molto appassionate e di grande personalit\u00e0. E Ho detto a loro che la vera sfida \u00e8 far vedere che questa passione e professionalit\u00e0 c&#8217;\u00e8 e lo possiamo fare solo se dimostriamo di far funzionare la macchina&#8221;.<br \/>Quanto alla prima riunione di ieri del Cdm, &#8220;\u00e8 stato un Consiglio lampo perch\u00e8 avevamo semplicemente da approvare il sottosegretario alla Presidenza del Consiglio. E&#8217; stato per\u00f2 un momento coinvolgente perch\u00e8 il premier ci ha richiamati al senso di responsabilit\u00e0, soprattutto in un momento cos\u00ec difficile e complicato per la Nazione&#8221;.<br \/>(ITALPRESS).<br \/>-foto agenziafotogramma.it<\/div>\n<div id=\"div-gpt-ad-Messinaoggi.it-DSK-300x250-corpoart\" style=\"text-align:center;margin:0 auto;\"><\/div><\/p><div id=\"videoincontent\" style=\"clear:both\";><\/div>","protected":false},"excerpt":{"rendered":"<p>ROMA (ITALPRESS) &#8211; Alla riforma della Pubblica Amministrazione di Renato Brunetta bisogna aggiungere &#8220;la velocit\u00e0 e l&#8217;essere virtuosi nel far accadere le cose. Dobbiamo essere capaci di misurare i risultati. Non devono quindi esserci tab\u00f9&#8221;. Lo ha detto a Radio24 il ministro per la Pubblica Amministrazione Paolo Zangrillo. &#8220;Dobbiamo abituare la Pubblica Amministrazione ad avere [&hellip;]<\/p>\n","protected":false},"author":18,"featured_media":126984,"comment_status":"closed","ping_status":"closed","sticky":false,"template":"","format":"standard","meta":{"ub_ctt_via":"","_mi_skip_tracking":false},"categories":[446],"tags":[783],"featured_image_src":"https:\/\/www.messinaoggi.it\/website\/wp-content\/uploads\/2022\/10\/20221024_0135.jpg","author_info":{"display_name":"Admin","author_link":"https:\/\/www.messinaoggi.it\/website\/author\/admin\/"},"digistream_id":0,"digistream":false,"_links":{"self":[{"href":"https:\/\/www.messinaoggi.it\/website\/wp-json\/wp\/v2\/posts\/126983"}],"collection":[{"href":"https:\/\/www.messinaoggi.it\/website\/wp-json\/wp\/v2\/posts"}],"about":[{"href":"https:\/\/www.messinaoggi.it\/website\/wp-json\/wp\/v2\/types\/post"}],"author":[{"embeddable":true,"href":"https:\/\/www.messinaoggi.it\/website\/wp-json\/wp\/v2\/users\/18"}],"replies":[{"embeddable":true,"href":"https:\/\/www.messinaoggi.it\/website\/wp-json\/wp\/v2\/comments?post=126983"}],"version-history":[{"count":0,"href":"https:\/\/www.messinaoggi.it\/website\/wp-json\/wp\/v2\/posts\/126983\/revisions"}],"wp:featuredmedia":[{"embeddable":true,"href":"https:\/\/www.messinaoggi.it\/website\/wp-json\/wp\/v2\/media\/126984"}],"wp:attachment":[{"href":"https:\/\/www.messinaoggi.it\/website\/wp-json\/wp\/v2\/media?parent=126983"}],"wp:term":[{"taxonomy":"category","embeddable":true,"href":"https:\/\/www.messinaoggi.it\/website\/wp-json\/wp\/v2\/categories?post=126983"},{"taxonomy":"post_tag","embeddable":true,"href":"https:\/\/www.messinaoggi.it\/website\/wp-json\/wp\/v2\/tags?post=126983"}],"curies":[{"name":"wp","href":"https:\/\/api.w.org\/{rel}","templated":true}]}}