{"id":126916,"date":"2022-10-23T09:07:50","date_gmt":"2022-10-23T07:07:50","guid":{"rendered":"https:\/\/www.messinaoggi.it\/website\/2022\/10\/23\/governo-alle-10-30-il-passaggio-di-consegne-tra-draghi-e-meloni\/"},"modified":"2022-10-23T09:07:50","modified_gmt":"2022-10-23T07:07:50","slug":"governo-alle-10-30-il-passaggio-di-consegne-tra-draghi-e-meloni","status":"publish","type":"post","link":"https:\/\/www.messinaoggi.it\/website\/2022\/10\/23\/governo-alle-10-30-il-passaggio-di-consegne-tra-draghi-e-meloni\/","title":{"rendered":"Governo, alle 10.30 il passaggio di consegne tra Draghi e Meloni"},"content":{"rendered":"<div>ROMA (ITALPRESS) &#8211; Alle ore 10.30, a Palazzo Chigi, il premier uscente Mario Draghi passer\u00e0 le consegne al nuovo Presidente del Consiglio Giorgia Meloni, con il passaggio simbolico della campanella con cui si d\u00e0 il via alla riunione del governo. Al termine della cerimonia, alle ore 12, si terr\u00e0 la prima riunione del Consiglio dei Ministri presieduto dal primo premier donna della storia della Repubblica italiana.<div id=\"div-gpt-ad-Messinaoggi.it-DSK-300x250-corpoart\" style=\"text-align:center;margin:0 auto;\"><\/div><\/p>\n<p>Foto: agenziafotogramma.it<div id=\"videoincontent\" style=\"clear:both\";><\/div><\/p>\n<p>(ITALPRESS).<\/p><\/div>\n","protected":false},"excerpt":{"rendered":"<p>ROMA (ITALPRESS) &#8211; Alle ore 10.30, a Palazzo Chigi, il premier uscente Mario Draghi passer\u00e0 le consegne al nuovo Presidente del Consiglio Giorgia Meloni, con il passaggio simbolico della campanella con cui si d\u00e0 il via alla riunione del governo. Al termine della cerimonia, alle ore 12, si terr\u00e0 la prima riunione del Consiglio dei [&hellip;]<\/p>\n","protected":false},"author":18,"featured_media":126917,"comment_status":"closed","ping_status":"closed","sticky":false,"template":"","format":"standard","meta":{"ub_ctt_via":"","_mi_skip_tracking":false},"categories":[446],"tags":[783],"featured_image_src":"https:\/\/www.messinaoggi.it\/website\/wp-content\/uploads\/2022\/10\/20221023_0135.jpg","author_info":{"display_name":"Admin","author_link":"https:\/\/www.messinaoggi.it\/website\/author\/admin\/"},"digistream_id":0,"digistream":false,"_links":{"self":[{"href":"https:\/\/www.messinaoggi.it\/website\/wp-json\/wp\/v2\/posts\/126916"}],"collection":[{"href":"https:\/\/www.messinaoggi.it\/website\/wp-json\/wp\/v2\/posts"}],"about":[{"href":"https:\/\/www.messinaoggi.it\/website\/wp-json\/wp\/v2\/types\/post"}],"author":[{"embeddable":true,"href":"https:\/\/www.messinaoggi.it\/website\/wp-json\/wp\/v2\/users\/18"}],"replies":[{"embeddable":true,"href":"https:\/\/www.messinaoggi.it\/website\/wp-json\/wp\/v2\/comments?post=126916"}],"version-history":[{"count":0,"href":"https:\/\/www.messinaoggi.it\/website\/wp-json\/wp\/v2\/posts\/126916\/revisions"}],"wp:featuredmedia":[{"embeddable":true,"href":"https:\/\/www.messinaoggi.it\/website\/wp-json\/wp\/v2\/media\/126917"}],"wp:attachment":[{"href":"https:\/\/www.messinaoggi.it\/website\/wp-json\/wp\/v2\/media?parent=126916"}],"wp:term":[{"taxonomy":"category","embeddable":true,"href":"https:\/\/www.messinaoggi.it\/website\/wp-json\/wp\/v2\/categories?post=126916"},{"taxonomy":"post_tag","embeddable":true,"href":"https:\/\/www.messinaoggi.it\/website\/wp-json\/wp\/v2\/tags?post=126916"}],"curies":[{"name":"wp","href":"https:\/\/api.w.org\/{rel}","templated":true}]}}