{"id":126885,"date":"2022-10-22T16:07:53","date_gmt":"2022-10-22T14:07:53","guid":{"rendered":"https:\/\/www.messinaoggi.it\/website\/2022\/10\/22\/governo-meloni-serviremo-litalia-con-orgoglio\/"},"modified":"2022-10-22T16:07:53","modified_gmt":"2022-10-22T14:07:53","slug":"governo-meloni-serviremo-litalia-con-orgoglio","status":"publish","type":"post","link":"https:\/\/www.messinaoggi.it\/website\/2022\/10\/22\/governo-meloni-serviremo-litalia-con-orgoglio\/","title":{"rendered":"Governo, Meloni \u201cServiremo l\u2019Italia con orgoglio\u201d"},"content":{"rendered":"<div>ROMA (ITALPRESS) &#8211; &#8220;Ecco la squadra di Governo che, con orgoglio e senso di responsabilit\u00e0, servir\u00e0 l&#8217;Italia. Adesso subito al lavoro&#8221;. Cos\u00ec, su Twitter, la premier Giorgia Meloni dopo il giuramento al Quirinale.<br \/>-foto agenziafotogramma.it-<br \/>(ITALPRESS).<\/div>\n<div id=\"div-gpt-ad-Messinaoggi.it-DSK-300x250-corpoart\" style=\"text-align:center;margin:0 auto;\"><\/div><\/p><div id=\"videoincontent\" style=\"clear:both\";><\/div>","protected":false},"excerpt":{"rendered":"<p>ROMA (ITALPRESS) &#8211; &#8220;Ecco la squadra di Governo che, con orgoglio e senso di responsabilit\u00e0, servir\u00e0 l&#8217;Italia. Adesso subito al lavoro&#8221;. Cos\u00ec, su Twitter, la premier Giorgia Meloni dopo il giuramento al Quirinale.-foto agenziafotogramma.it-(ITALPRESS).<\/p>\n","protected":false},"author":18,"featured_media":126886,"comment_status":"closed","ping_status":"closed","sticky":false,"template":"","format":"standard","meta":{"ub_ctt_via":"","_mi_skip_tracking":false},"categories":[446],"tags":[783],"featured_image_src":"https:\/\/www.messinaoggi.it\/website\/wp-content\/uploads\/2022\/10\/20221022_1027.jpg","author_info":{"display_name":"Admin","author_link":"https:\/\/www.messinaoggi.it\/website\/author\/admin\/"},"digistream_id":0,"digistream":false,"_links":{"self":[{"href":"https:\/\/www.messinaoggi.it\/website\/wp-json\/wp\/v2\/posts\/126885"}],"collection":[{"href":"https:\/\/www.messinaoggi.it\/website\/wp-json\/wp\/v2\/posts"}],"about":[{"href":"https:\/\/www.messinaoggi.it\/website\/wp-json\/wp\/v2\/types\/post"}],"author":[{"embeddable":true,"href":"https:\/\/www.messinaoggi.it\/website\/wp-json\/wp\/v2\/users\/18"}],"replies":[{"embeddable":true,"href":"https:\/\/www.messinaoggi.it\/website\/wp-json\/wp\/v2\/comments?post=126885"}],"version-history":[{"count":0,"href":"https:\/\/www.messinaoggi.it\/website\/wp-json\/wp\/v2\/posts\/126885\/revisions"}],"wp:featuredmedia":[{"embeddable":true,"href":"https:\/\/www.messinaoggi.it\/website\/wp-json\/wp\/v2\/media\/126886"}],"wp:attachment":[{"href":"https:\/\/www.messinaoggi.it\/website\/wp-json\/wp\/v2\/media?parent=126885"}],"wp:term":[{"taxonomy":"category","embeddable":true,"href":"https:\/\/www.messinaoggi.it\/website\/wp-json\/wp\/v2\/categories?post=126885"},{"taxonomy":"post_tag","embeddable":true,"href":"https:\/\/www.messinaoggi.it\/website\/wp-json\/wp\/v2\/tags?post=126885"}],"curies":[{"name":"wp","href":"https:\/\/api.w.org\/{rel}","templated":true}]}}