{"id":12687,"date":"2017-12-08T09:12:51","date_gmt":"2017-12-08T08:12:51","guid":{"rendered":"http:\/\/www.messinaoggi.it\/website\/?p=12687"},"modified":"2017-12-08T09:12:51","modified_gmt":"2017-12-08T08:12:51","slug":"coesione-fratellanza-e-collaborazione-ecco-il-natale-dei-carabinieri","status":"publish","type":"post","link":"https:\/\/www.messinaoggi.it\/website\/2017\/12\/08\/coesione-fratellanza-e-collaborazione-ecco-il-natale-dei-carabinieri\/","title":{"rendered":"Coesione, fratellanza e collaborazione: ecco il Natale dei carabinieri"},"content":{"rendered":"<p>Sono iniziate le celebrazioni del Santo Natale anche alla caserma \u201cA. Bonsignore\u201d sede del Comando Interregionale \u201cCulqualber\u201d. Il comandante Luigi Robusto ha voluto condividere con i militari e le loro famiglie e con i cittadini che sono intervenuti, il sentimento di fratellanza e di comune appartenenza che lega gli oltre 14mila appartenenti all\u2019Arma che operano quotidianamente, con silente dedizione, sia in Sicilia che in Calabria<br \/>\nProprio per i carabinieri, che anche nel periodo festivo che si avvicina garantiranno la sicurezza dei cittadini, il gen. Luigi Robusto ha voluto questo momento rappresentativo in cui l\u2019\u201caccensione\u201d dell\u2019albero di Natale vuole essere il simbolo dello spirito di collaborazione e di coesione dell\u2019Istituzione, aperta ai cittadini e costantemente al loro servizio.<br \/>\nLe festivit\u00e0 Natalizie sono un momento di unione familiare, di vicinanza al prossimo, di solidariet\u00e0, valori questi che sono centrali per il sano sviluppo della societ\u00e0 civile in cui i carabinieri sono chiamati a servire non solo come operatori della sicurezza ma anche come presenza attiva sul territorio e collante del tessuto sociale e l\u2019albero di Natale, acceso oggi, vuole essere anche il segno esteriore di questo legame che unisce, da sempre,l\u2019Arma alla cittadinanza.<div id=\"div-gpt-ad-Messinaoggi.it-DSK-300x250-corpoart\" style=\"text-align:center;margin:0 auto;\"><\/div><\/p>\n<div id=\"videoincontent\" style=\"clear:both\";><\/div>","protected":false},"excerpt":{"rendered":"<p>Sono iniziate le celebrazioni del Santo Natale anche alla caserma \u201cA. Bonsignore\u201d sede del Comando Interregionale \u201cCulqualber\u201d. Il comandante Luigi Robusto ha voluto condividere con i militari e le loro famiglie e con i cittadini che sono intervenuti, il sentimento di fratellanza e di comune appartenenza che lega gli oltre 14mila appartenenti all\u2019Arma che operano [&hellip;]<\/p>\n","protected":false},"author":2,"featured_media":12688,"comment_status":"closed","ping_status":"open","sticky":false,"template":"","format":"standard","meta":{"ub_ctt_via":"","_mi_skip_tracking":false},"categories":[5],"tags":[],"featured_image_src":"https:\/\/www.messinaoggi.it\/website\/wp-content\/uploads\/2017\/12\/Natale-caserma-bonsignore-de-cc.jpg","author_info":{"display_name":"Redazione","author_link":"https:\/\/www.messinaoggi.it\/website\/author\/redazione\/"},"digistream_id":0,"digistream":false,"_links":{"self":[{"href":"https:\/\/www.messinaoggi.it\/website\/wp-json\/wp\/v2\/posts\/12687"}],"collection":[{"href":"https:\/\/www.messinaoggi.it\/website\/wp-json\/wp\/v2\/posts"}],"about":[{"href":"https:\/\/www.messinaoggi.it\/website\/wp-json\/wp\/v2\/types\/post"}],"author":[{"embeddable":true,"href":"https:\/\/www.messinaoggi.it\/website\/wp-json\/wp\/v2\/users\/2"}],"replies":[{"embeddable":true,"href":"https:\/\/www.messinaoggi.it\/website\/wp-json\/wp\/v2\/comments?post=12687"}],"version-history":[{"count":0,"href":"https:\/\/www.messinaoggi.it\/website\/wp-json\/wp\/v2\/posts\/12687\/revisions"}],"wp:featuredmedia":[{"embeddable":true,"href":"https:\/\/www.messinaoggi.it\/website\/wp-json\/wp\/v2\/media\/12688"}],"wp:attachment":[{"href":"https:\/\/www.messinaoggi.it\/website\/wp-json\/wp\/v2\/media?parent=12687"}],"wp:term":[{"taxonomy":"category","embeddable":true,"href":"https:\/\/www.messinaoggi.it\/website\/wp-json\/wp\/v2\/categories?post=12687"},{"taxonomy":"post_tag","embeddable":true,"href":"https:\/\/www.messinaoggi.it\/website\/wp-json\/wp\/v2\/tags?post=12687"}],"curies":[{"name":"wp","href":"https:\/\/api.w.org\/{rel}","templated":true}]}}