{"id":126779,"date":"2022-10-21T19:07:52","date_gmt":"2022-10-21T17:07:52","guid":{"rendered":"https:\/\/www.messinaoggi.it\/website\/2022\/10\/21\/mattarella-auguri-al-nuovo-esecutivo-necessario-procedere-velocemente\/"},"modified":"2022-10-21T19:07:52","modified_gmt":"2022-10-21T17:07:52","slug":"mattarella-auguri-al-nuovo-esecutivo-necessario-procedere-velocemente","status":"publish","type":"post","link":"https:\/\/www.messinaoggi.it\/website\/2022\/10\/21\/mattarella-auguri-al-nuovo-esecutivo-necessario-procedere-velocemente\/","title":{"rendered":"Mattarella \u201cAuguri al nuovo Esecutivo, necessario procedere velocemente\u201d"},"content":{"rendered":"<div>ROMA (ITALPRESS) &#8211; &#8220;Rivolgo gli auguri al nuovo Governo che domani mattina inizier\u00e0 a svolgere i suoi compiti&#8221;. Lo ha detto il presidente della Repubblica, Sergio Mattarella, dopo che la premier incaricata Giorgia Meloni ha annunciato la lista dei ministri.<br \/>&#8220;Questa volta il tempo \u00e8 stato breve, \u00e8 passato meno di un mese dalla data delle elezioni, \u00e8 stato possibile per la chiarezza dell&#8217;esito elettorale&#8221;, ha spiegato il capo dello Stato.<br \/>&#8220;E&#8217; stato necessario procedere velocemente anche in considerazione delle condizioni interne e internazionali che esigono un governo nella pienezza dei suoi compiti&#8221;, ha aggiunto Mattarella, che ha concluso spiegando come il governo uscente abbia &#8220;fatto fronte alle esigenze di guida del paese concludendo la sua attivit\u00e0 con il Consiglio europeo di ieri e stamane, lo ringrazio ancora una volta&#8221;.<div id=\"div-gpt-ad-Messinaoggi.it-DSK-300x250-corpoart\" style=\"text-align:center;margin:0 auto;\"><\/div><\/p>\n<p>&#8211; foto ufficio stampa Quirinale &#8211;<div id=\"videoincontent\" style=\"clear:both\";><\/div><\/p>\n<p>(ITALPRESS).<\/p><\/div>\n","protected":false},"excerpt":{"rendered":"<p>ROMA (ITALPRESS) &#8211; &#8220;Rivolgo gli auguri al nuovo Governo che domani mattina inizier\u00e0 a svolgere i suoi compiti&#8221;. Lo ha detto il presidente della Repubblica, Sergio Mattarella, dopo che la premier incaricata Giorgia Meloni ha annunciato la lista dei ministri.&#8220;Questa volta il tempo \u00e8 stato breve, \u00e8 passato meno di un mese dalla data delle [&hellip;]<\/p>\n","protected":false},"author":18,"featured_media":126780,"comment_status":"closed","ping_status":"closed","sticky":false,"template":"","format":"standard","meta":{"ub_ctt_via":"","_mi_skip_tracking":false},"categories":[446],"tags":[783],"featured_image_src":"https:\/\/www.messinaoggi.it\/website\/wp-content\/uploads\/2022\/10\/20221021_2168.jpg","author_info":{"display_name":"Admin","author_link":"https:\/\/www.messinaoggi.it\/website\/author\/admin\/"},"digistream_id":0,"digistream":false,"_links":{"self":[{"href":"https:\/\/www.messinaoggi.it\/website\/wp-json\/wp\/v2\/posts\/126779"}],"collection":[{"href":"https:\/\/www.messinaoggi.it\/website\/wp-json\/wp\/v2\/posts"}],"about":[{"href":"https:\/\/www.messinaoggi.it\/website\/wp-json\/wp\/v2\/types\/post"}],"author":[{"embeddable":true,"href":"https:\/\/www.messinaoggi.it\/website\/wp-json\/wp\/v2\/users\/18"}],"replies":[{"embeddable":true,"href":"https:\/\/www.messinaoggi.it\/website\/wp-json\/wp\/v2\/comments?post=126779"}],"version-history":[{"count":0,"href":"https:\/\/www.messinaoggi.it\/website\/wp-json\/wp\/v2\/posts\/126779\/revisions"}],"wp:featuredmedia":[{"embeddable":true,"href":"https:\/\/www.messinaoggi.it\/website\/wp-json\/wp\/v2\/media\/126780"}],"wp:attachment":[{"href":"https:\/\/www.messinaoggi.it\/website\/wp-json\/wp\/v2\/media?parent=126779"}],"wp:term":[{"taxonomy":"category","embeddable":true,"href":"https:\/\/www.messinaoggi.it\/website\/wp-json\/wp\/v2\/categories?post=126779"},{"taxonomy":"post_tag","embeddable":true,"href":"https:\/\/www.messinaoggi.it\/website\/wp-json\/wp\/v2\/tags?post=126779"}],"curies":[{"name":"wp","href":"https:\/\/api.w.org\/{rel}","templated":true}]}}