{"id":126773,"date":"2022-10-21T18:07:51","date_gmt":"2022-10-21T16:07:51","guid":{"rendered":"https:\/\/www.messinaoggi.it\/website\/2022\/10\/21\/inzaghi-a-firenze-gara-difficile-lukaku-non-ci-sara\/"},"modified":"2022-10-21T20:57:47","modified_gmt":"2022-10-21T18:57:47","slug":"inzaghi-a-firenze-gara-difficile-lukaku-non-ci-sara","status":"publish","type":"post","link":"https:\/\/www.messinaoggi.it\/website\/2022\/10\/21\/inzaghi-a-firenze-gara-difficile-lukaku-non-ci-sara\/","title":{"rendered":"Inzaghi \u201cA Firenze gara difficile, Lukaku non ci sar\u00e0\u201d"},"content":{"rendered":"<div>MILANO (ITALPRESS) &#8211; &#8220;Quella di Firenze \u00e8 una trasferta difficile per tutti. Questa settimana abbiamo avuto qualche giorno in pi\u00f9 e siamo riusciti a lavorare abbastanza bene. Quindi, adesso, andiamo ad affrontare fiduciosi questa trasferta&#8221;. Cos\u00ec il tecnico dell&#8217;Inter, Simone Inzaghi, alla vigilia del match del &#8220;Franchi&#8221; contro la Fiorentina.<br \/>&#8220;I risultati portano autostima e di conseguenza le vittorie sono importantissime. Sappiamo che da qui alla sosta abbiamo una serie di partite tutte difficili, sia in casa che fuori. Ogni tre giorni saremo sotto pressione, per\u00f2 dovremo cercare di affrontarle una alla volta con tantissima testa, come abbiamo fatto nelle ultime gare&#8221;, ha aggiunto Inzaghi.<br \/>&#8220;In trasferta dobbiamo fare di pi\u00f9: \u00e8 normale che giocare nel nostro stadio, davanti ai nostri tifosi, ci aiuta tantissimo. Sappiamo, per\u00f2, che anche a Firenze ci saranno tanti tifosi con noi&#8221;, ha detto ancora il tecnico dell&#8217;Inter.<br \/>&#8220;Lukaku \u00e8 due giorni che si sta allenando parzialmente in gruppo, deve chiaramente ritrovare la condizione, per\u00f2 \u00e8 molto motivato. Finalmente dopo tantissimo tempo la lesione l&#8217;ha superata, per domani a Firenze non sar\u00e0 con noi, cerchiamo di portarlo mercoled\u00ec. Chiaramente deve migliorare la sua condizione ma vedendolo lavorare sono molto fiducioso&#8221;, ha proseguito Inzaghi. &#8220;Handanovic per domani non \u00e8 disponibile ma viagger\u00e0 con la squadra e ci dar\u00e0 una mano, all&#8217;occorrenza se dovesse servire c&#8217;\u00e8 pronto Cordaz&#8221;, ha concluso il tecnico dell&#8217;Inter.<br \/>&#8211; foto LivePhotoSport &#8211;<br \/>(ITALPRESS).<\/div>\n<div id=\"div-gpt-ad-Messinaoggi.it-DSK-300x250-corpoart\" style=\"text-align:center;margin:0 auto;\"><\/div><\/p><div id=\"videoincontent\" style=\"clear:both\";><\/div>","protected":false},"excerpt":{"rendered":"<p>MILANO (ITALPRESS) &#8211; &#8220;Quella di Firenze \u00e8 una trasferta difficile per tutti. Questa settimana abbiamo avuto qualche giorno in pi\u00f9 e siamo riusciti a lavorare abbastanza bene. Quindi, adesso, andiamo ad affrontare fiduciosi questa trasferta&#8221;. Cos\u00ec il tecnico dell&#8217;Inter, Simone Inzaghi, alla vigilia del match del &#8220;Franchi&#8221; contro la Fiorentina.&#8220;I risultati portano autostima e di [&hellip;]<\/p>\n","protected":false},"author":18,"featured_media":126774,"comment_status":"closed","ping_status":"closed","sticky":false,"template":"","format":"standard","meta":{"ub_ctt_via":"","_mi_skip_tracking":false},"categories":[10,446,9],"tags":[783],"featured_image_src":"https:\/\/www.messinaoggi.it\/website\/wp-content\/uploads\/2022\/10\/20221021_1786.jpg","author_info":{"display_name":"Admin","author_link":"https:\/\/www.messinaoggi.it\/website\/author\/admin\/"},"digistream_id":0,"digistream":false,"_links":{"self":[{"href":"https:\/\/www.messinaoggi.it\/website\/wp-json\/wp\/v2\/posts\/126773"}],"collection":[{"href":"https:\/\/www.messinaoggi.it\/website\/wp-json\/wp\/v2\/posts"}],"about":[{"href":"https:\/\/www.messinaoggi.it\/website\/wp-json\/wp\/v2\/types\/post"}],"author":[{"embeddable":true,"href":"https:\/\/www.messinaoggi.it\/website\/wp-json\/wp\/v2\/users\/18"}],"replies":[{"embeddable":true,"href":"https:\/\/www.messinaoggi.it\/website\/wp-json\/wp\/v2\/comments?post=126773"}],"version-history":[{"count":1,"href":"https:\/\/www.messinaoggi.it\/website\/wp-json\/wp\/v2\/posts\/126773\/revisions"}],"predecessor-version":[{"id":126815,"href":"https:\/\/www.messinaoggi.it\/website\/wp-json\/wp\/v2\/posts\/126773\/revisions\/126815"}],"wp:featuredmedia":[{"embeddable":true,"href":"https:\/\/www.messinaoggi.it\/website\/wp-json\/wp\/v2\/media\/126774"}],"wp:attachment":[{"href":"https:\/\/www.messinaoggi.it\/website\/wp-json\/wp\/v2\/media?parent=126773"}],"wp:term":[{"taxonomy":"category","embeddable":true,"href":"https:\/\/www.messinaoggi.it\/website\/wp-json\/wp\/v2\/categories?post=126773"},{"taxonomy":"post_tag","embeddable":true,"href":"https:\/\/www.messinaoggi.it\/website\/wp-json\/wp\/v2\/tags?post=126773"}],"curies":[{"name":"wp","href":"https:\/\/api.w.org\/{rel}","templated":true}]}}