{"id":126717,"date":"2022-10-21T16:07:54","date_gmt":"2022-10-21T14:07:54","guid":{"rendered":"https:\/\/www.messinaoggi.it\/website\/2022\/10\/21\/gas-draghi-il-consiglio-ue-ha-accolto-tutte-le-proposte-italiane\/"},"modified":"2022-10-21T16:07:54","modified_gmt":"2022-10-21T14:07:54","slug":"gas-draghi-il-consiglio-ue-ha-accolto-tutte-le-proposte-italiane","status":"publish","type":"post","link":"https:\/\/www.messinaoggi.it\/website\/2022\/10\/21\/gas-draghi-il-consiglio-ue-ha-accolto-tutte-le-proposte-italiane\/","title":{"rendered":"Gas, Draghi \u201cIl Consiglio Ue ha accolto tutte le proposte italiane\u201d"},"content":{"rendered":"<div>BRUXELLES (BELGIO) (ITALPRESS) &#8211; &#8220;L&#8217;Unione Europea \u00e8 fondamentale per la sicurezza, la stabilit\u00e0, la prosperit\u00e0 degli Stati membri, del continente e del mondo intero. L&#8217;Italia deve essere al centro del progetto europeo con la credibilit\u00e0, l&#8217;autorevolezza, la determinazione che si addice a un grande Paese fondatore come siamo stati noi&#8221;. Lo ha detto il premier Mario Draghi, nel corso della conferenza stampa dopo il Consiglio Europeo.<br \/>Sull&#8217;energia &#8220;le decisioni di questa notte mi hanno reso soddisfatto. Sono arrivate dopo un p\u00f2 di tempo, ci \u00e8 voluta un p\u00f2 di energia, ma il pacchetto approvato accoglie tutte le proposte dell&#8217;Italia &#8211; ha aggiunto Draghi -: la creazione di un corridoio per il prezzo del gas, la questione del disaccoppiamento del prezzo del gas dal prezzo dell&#8217;elettricit\u00e0, la necessit\u00e0 di avere strumenti comuni per affrontare e mitigare il rincaro dei prezzi dell&#8217;energia e il suo effetto su famiglie e imprese&#8221;.<br \/>&#8220;La prossima settimana la Commissione e i ministri dell&#8217;Energia finalizzeranno i dettagli delle proposte, ma dal Consiglio c&#8217;\u00e8 tutto l&#8217;avallo politico&#8221;, ha sottolineato Draghi.<br \/>&#8220;Sul price cap e sulla piattaforma europea sugli acquisti comuni del gas non vuol dire che non ci sia ancora lavoro da fare, sul testo approvato ci saranno ancora tante discussioni &#8211; ha detto ancora il premier -, ma \u00e8 la prima volta che il Consiglio europeo ha manifestato questa disponibilit\u00e0 ad avere un tetto al prezzo del gas e un meccanismo di finanziamento comune. E non era assolutamente scontato. Oggi l&#8217;Europa \u00e8 pi\u00f9 unita&#8221;.<div id=\"div-gpt-ad-Messinaoggi.it-DSK-300x250-corpoart\" style=\"text-align:center;margin:0 auto;\"><\/div><\/p>\n<p>&#8211; foto Agenziafotogramma.it &#8211;<div id=\"videoincontent\" style=\"clear:both\";><\/div><\/p>\n<p>(ITALPRESS).<\/p><\/div>\n","protected":false},"excerpt":{"rendered":"<p>BRUXELLES (BELGIO) (ITALPRESS) &#8211; &#8220;L&#8217;Unione Europea \u00e8 fondamentale per la sicurezza, la stabilit\u00e0, la prosperit\u00e0 degli Stati membri, del continente e del mondo intero. L&#8217;Italia deve essere al centro del progetto europeo con la credibilit\u00e0, l&#8217;autorevolezza, la determinazione che si addice a un grande Paese fondatore come siamo stati noi&#8221;. Lo ha detto il premier [&hellip;]<\/p>\n","protected":false},"author":18,"featured_media":126718,"comment_status":"closed","ping_status":"closed","sticky":false,"template":"","format":"standard","meta":{"ub_ctt_via":"","_mi_skip_tracking":false},"categories":[446],"tags":[783],"featured_image_src":"https:\/\/www.messinaoggi.it\/website\/wp-content\/uploads\/2022\/10\/20221021_1485.jpg","author_info":{"display_name":"Admin","author_link":"https:\/\/www.messinaoggi.it\/website\/author\/admin\/"},"digistream_id":0,"digistream":false,"_links":{"self":[{"href":"https:\/\/www.messinaoggi.it\/website\/wp-json\/wp\/v2\/posts\/126717"}],"collection":[{"href":"https:\/\/www.messinaoggi.it\/website\/wp-json\/wp\/v2\/posts"}],"about":[{"href":"https:\/\/www.messinaoggi.it\/website\/wp-json\/wp\/v2\/types\/post"}],"author":[{"embeddable":true,"href":"https:\/\/www.messinaoggi.it\/website\/wp-json\/wp\/v2\/users\/18"}],"replies":[{"embeddable":true,"href":"https:\/\/www.messinaoggi.it\/website\/wp-json\/wp\/v2\/comments?post=126717"}],"version-history":[{"count":0,"href":"https:\/\/www.messinaoggi.it\/website\/wp-json\/wp\/v2\/posts\/126717\/revisions"}],"wp:featuredmedia":[{"embeddable":true,"href":"https:\/\/www.messinaoggi.it\/website\/wp-json\/wp\/v2\/media\/126718"}],"wp:attachment":[{"href":"https:\/\/www.messinaoggi.it\/website\/wp-json\/wp\/v2\/media?parent=126717"}],"wp:term":[{"taxonomy":"category","embeddable":true,"href":"https:\/\/www.messinaoggi.it\/website\/wp-json\/wp\/v2\/categories?post=126717"},{"taxonomy":"post_tag","embeddable":true,"href":"https:\/\/www.messinaoggi.it\/website\/wp-json\/wp\/v2\/tags?post=126717"}],"curies":[{"name":"wp","href":"https:\/\/api.w.org\/{rel}","templated":true}]}}