{"id":126643,"date":"2022-10-21T10:17:54","date_gmt":"2022-10-21T08:17:54","guid":{"rendered":"https:\/\/www.messinaoggi.it\/website\/2022\/10\/21\/vescovi-siciliani-tenuta-sociale-a-rischio-schifani-saremo-attenti\/"},"modified":"2022-10-21T10:17:54","modified_gmt":"2022-10-21T08:17:54","slug":"vescovi-siciliani-tenuta-sociale-a-rischio-schifani-saremo-attenti","status":"publish","type":"post","link":"https:\/\/www.messinaoggi.it\/website\/2022\/10\/21\/vescovi-siciliani-tenuta-sociale-a-rischio-schifani-saremo-attenti\/","title":{"rendered":"Vescovi siciliani \u201cTenuta sociale a rischio, Schifani \u201cSaremo attenti\u201d"},"content":{"rendered":"<div>\n<p>PALERMO (ITALPRESS) \u2013 \u201cQui la tenuta sociale \u00e8 a rischio a causa dell\u2019aumento dei costi dell\u2019energia che si \u00e8 sommato a una situazione economica gi\u00e0 gravissima. Ci auguriamo che il nuovo Governo e il nuovo Parlamento sappiano far ripartire l\u2019economia e la lotta alla povert\u00e0, ma il clima di rissa a cui assistiamo non \u00e8 gradevole. I giovani sono in fuga E\u2019 come se in questa isola non ci fosse pi\u00f9 futuro: in 10 anni sono partiti in 130 mila\u201d.<br \/>E\u2019 l\u2019allarme lanciato da Monsignor Antonino Raspanti, Vescovo di Acireale che al Giornale di Sicilia ha tracciato un bilancio della sessione autunnale della Conferenza Episcopale siciliana che si \u00e8 conclusa con un documento nel quale vengono formulati \u201ci migliori auguri al neo presidente della Regione Siciliana Renato Schifani e ai parlamentari. \u201cLe istituzioni devono agire con fermezza. E noi dobbiamo avere fiducia nelle istituzioni. Non c\u2019\u00e8 alternativa\u201d ha concluso Raspanti. <br \/>Il presidente Schifani ha raccolto l\u2019appello dei Vescovi: \u201cL\u2019azione del mio Governo sar\u00e0 improntata sulla solidariet\u00e0, sul rispetto della persona e della dignit\u00e0 umana. Con particolare attenzione anche per l\u2019accoglienza e per la famiglia, valori fondamentali. Esprimo il forte auspicio che tutto possa avvenire all\u2019interno di una politica non rissosa e pi\u00f9 responsabile rispetto a temi particolarmente sentiti. Presteremo la massima attenzione alle emergenze sociali, alla disoccupazione, alle diseguaglianze e alle fasce pi\u00f9 deboli\u201d. <div id=\"div-gpt-ad-Messinaoggi.it-DSK-300x250-corpoart\" style=\"text-align:center;margin:0 auto;\"><\/div><\/p>\n<p>\u2013 foto: agenziafotogramma.it <div id=\"videoincontent\" style=\"clear:both\";><\/div><\/p>\n<p>(ITALPRESS).<\/p>\n<\/div>\n","protected":false},"excerpt":{"rendered":"<p>PALERMO (ITALPRESS) \u2013 \u201cQui la tenuta sociale \u00e8 a rischio a causa dell\u2019aumento dei costi dell\u2019energia che si \u00e8 sommato a una situazione economica gi\u00e0 gravissima. Ci auguriamo che il nuovo Governo e il nuovo Parlamento sappiano far ripartire l\u2019economia e la lotta alla povert\u00e0, ma il clima di rissa a cui assistiamo non \u00e8 [&hellip;]<\/p>\n","protected":false},"author":18,"featured_media":126644,"comment_status":"closed","ping_status":"closed","sticky":false,"template":"","format":"standard","meta":{"ub_ctt_via":"","_mi_skip_tracking":false},"categories":[2449],"tags":[783],"featured_image_src":"https:\/\/www.messinaoggi.it\/website\/wp-content\/uploads\/2022\/10\/20221021_0196.jpg","author_info":{"display_name":"Admin","author_link":"https:\/\/www.messinaoggi.it\/website\/author\/admin\/"},"digistream_id":0,"digistream":false,"_links":{"self":[{"href":"https:\/\/www.messinaoggi.it\/website\/wp-json\/wp\/v2\/posts\/126643"}],"collection":[{"href":"https:\/\/www.messinaoggi.it\/website\/wp-json\/wp\/v2\/posts"}],"about":[{"href":"https:\/\/www.messinaoggi.it\/website\/wp-json\/wp\/v2\/types\/post"}],"author":[{"embeddable":true,"href":"https:\/\/www.messinaoggi.it\/website\/wp-json\/wp\/v2\/users\/18"}],"replies":[{"embeddable":true,"href":"https:\/\/www.messinaoggi.it\/website\/wp-json\/wp\/v2\/comments?post=126643"}],"version-history":[{"count":0,"href":"https:\/\/www.messinaoggi.it\/website\/wp-json\/wp\/v2\/posts\/126643\/revisions"}],"wp:featuredmedia":[{"embeddable":true,"href":"https:\/\/www.messinaoggi.it\/website\/wp-json\/wp\/v2\/media\/126644"}],"wp:attachment":[{"href":"https:\/\/www.messinaoggi.it\/website\/wp-json\/wp\/v2\/media?parent=126643"}],"wp:term":[{"taxonomy":"category","embeddable":true,"href":"https:\/\/www.messinaoggi.it\/website\/wp-json\/wp\/v2\/categories?post=126643"},{"taxonomy":"post_tag","embeddable":true,"href":"https:\/\/www.messinaoggi.it\/website\/wp-json\/wp\/v2\/tags?post=126643"}],"curies":[{"name":"wp","href":"https:\/\/api.w.org\/{rel}","templated":true}]}}