{"id":126627,"date":"2022-10-21T09:07:51","date_gmt":"2022-10-21T07:07:51","guid":{"rendered":"https:\/\/www.messinaoggi.it\/website\/2022\/10\/21\/energia-da-consiglio-ue-ok-price-cap-temporaneo-e-acquisti-congiunti\/"},"modified":"2022-10-21T10:40:05","modified_gmt":"2022-10-21T08:40:05","slug":"energia-da-consiglio-ue-ok-price-cap-temporaneo-e-acquisti-congiunti","status":"publish","type":"post","link":"https:\/\/www.messinaoggi.it\/website\/2022\/10\/21\/energia-da-consiglio-ue-ok-price-cap-temporaneo-e-acquisti-congiunti\/","title":{"rendered":"Energia, da Consiglio Ue ok price cap temporaneo e acquisti congiunti"},"content":{"rendered":"<div>BRUXELLES (BELGIO) (ITALPRESS) &#8211; Di fronte all&#8217;uso dell&#8217;energia come arma da parte della Russia, l&#8217;Unione europea rester\u00e0 unita per proteggere i suoi cittadini e le sue imprese e adotter\u00e0 con urgenza le misure necessarie. Sono le conclusioni del Consiglio europeo che, alla luce della crisi in corso, ha convenuto come occorre accelerare e intensificare gli sforzi per ridurre la domanda, garantire la sicurezza dell&#8217;approvvigionamento, evitare razionamenti e abbassare i prezzi dell&#8217;energia per le famiglie e le imprese in tutta l&#8217;Unione, e che dev&#8217;essere preservata l&#8217;integrit\u00e0 del mercato unico. In particolare, \u00e8 stata sottolineata la necessit\u00e0 dell&#8217;acquisto congiunto volontario di gas, ad eccezione dell&#8217;aggregazione della domanda vincolante per un volume equivalente al 15% delle esigenze in termini di riempimento, in base alle necessit\u00e0 nazionali, e l&#8217;accelerazione dei negoziati con partner affidabili per individuare partenariati reciprocamente vantaggiosi sfruttando il peso collettivo dell&#8217;Unione sul mercato e facendo pieno ricorso alla piattaforma dell&#8217;UE per l&#8217;energia, che \u00e8 aperta anche ai Balcani occidentali e ai tre paesi associati del partenariato orientale.<br \/>Un nuovo parametro di riferimento complementare entro l&#8217;inizio del 2023 che rifletta in modo pi\u00f9 accurato le condizioni del mercato del gas; un corridoio dinamico di prezzo di carattere temporaneo per le transazioni di gas naturale allo scopo di limitare immediatamente episodi di prezzi eccessivi del gas, tenendo conto delle salvaguardie del progetto di regolamento del Consiglio proposto il 18 ottobre 2022; un quadro temporaneo dell&#8217;UE per fissare un tetto al prezzo del gas utilizzato per la produzione di energia elettrica, compresa un&#8217;analisi costi-benefici, senza modificare l&#8217;ordine di merito, prevenendo nel contempo l&#8217;aumento del consumo di gas e tenendo conto degli impatti in termini di finanziamento e distribuzione nonch\u00e8 del suo impatto sui flussi oltre i confini dell&#8217;UE.<br \/>(ITALPRESS).<br \/>-foto agenziafotogramma.it-<\/div>\n<div id=\"div-gpt-ad-Messinaoggi.it-DSK-300x250-corpoart\" style=\"text-align:center;margin:0 auto;\"><\/div><\/p><div id=\"videoincontent\" style=\"clear:both\";><\/div>","protected":false},"excerpt":{"rendered":"<p>BRUXELLES (BELGIO) (ITALPRESS) &#8211; Di fronte all&#8217;uso dell&#8217;energia come arma da parte della Russia, l&#8217;Unione europea rester\u00e0 unita per proteggere i suoi cittadini e le sue imprese e adotter\u00e0 con urgenza le misure necessarie. Sono le conclusioni del Consiglio europeo che, alla luce della crisi in corso, ha convenuto come occorre accelerare e intensificare gli [&hellip;]<\/p>\n","protected":false},"author":18,"featured_media":126628,"comment_status":"closed","ping_status":"closed","sticky":false,"template":"","format":"standard","meta":{"ub_ctt_via":"","_mi_skip_tracking":false},"categories":[446,6],"tags":[783],"featured_image_src":"https:\/\/www.messinaoggi.it\/website\/wp-content\/uploads\/2022\/10\/20221021_0126.jpg","author_info":{"display_name":"Admin","author_link":"https:\/\/www.messinaoggi.it\/website\/author\/admin\/"},"digistream_id":0,"digistream":false,"_links":{"self":[{"href":"https:\/\/www.messinaoggi.it\/website\/wp-json\/wp\/v2\/posts\/126627"}],"collection":[{"href":"https:\/\/www.messinaoggi.it\/website\/wp-json\/wp\/v2\/posts"}],"about":[{"href":"https:\/\/www.messinaoggi.it\/website\/wp-json\/wp\/v2\/types\/post"}],"author":[{"embeddable":true,"href":"https:\/\/www.messinaoggi.it\/website\/wp-json\/wp\/v2\/users\/18"}],"replies":[{"embeddable":true,"href":"https:\/\/www.messinaoggi.it\/website\/wp-json\/wp\/v2\/comments?post=126627"}],"version-history":[{"count":1,"href":"https:\/\/www.messinaoggi.it\/website\/wp-json\/wp\/v2\/posts\/126627\/revisions"}],"predecessor-version":[{"id":126648,"href":"https:\/\/www.messinaoggi.it\/website\/wp-json\/wp\/v2\/posts\/126627\/revisions\/126648"}],"wp:featuredmedia":[{"embeddable":true,"href":"https:\/\/www.messinaoggi.it\/website\/wp-json\/wp\/v2\/media\/126628"}],"wp:attachment":[{"href":"https:\/\/www.messinaoggi.it\/website\/wp-json\/wp\/v2\/media?parent=126627"}],"wp:term":[{"taxonomy":"category","embeddable":true,"href":"https:\/\/www.messinaoggi.it\/website\/wp-json\/wp\/v2\/categories?post=126627"},{"taxonomy":"post_tag","embeddable":true,"href":"https:\/\/www.messinaoggi.it\/website\/wp-json\/wp\/v2\/tags?post=126627"}],"curies":[{"name":"wp","href":"https:\/\/api.w.org\/{rel}","templated":true}]}}