{"id":126610,"date":"2022-10-20T21:07:56","date_gmt":"2022-10-20T19:07:56","guid":{"rendered":"https:\/\/www.messinaoggi.it\/website\/2022\/10\/20\/gas-draghi-stati-dellunione-devono-salvaguardare-il-mercato-interno\/"},"modified":"2022-10-20T21:07:56","modified_gmt":"2022-10-20T19:07:56","slug":"gas-draghi-stati-dellunione-devono-salvaguardare-il-mercato-interno","status":"publish","type":"post","link":"https:\/\/www.messinaoggi.it\/website\/2022\/10\/20\/gas-draghi-stati-dellunione-devono-salvaguardare-il-mercato-interno\/","title":{"rendered":"Gas, Draghi \u201cStati dell\u2019Unione devono salvaguardare il mercato interno\u201d"},"content":{"rendered":"<div>STRASBURGO (FRANCIA) (ITALPRESS) &#8211; &#8220;Il rischio \u00e8 quello di una frammentazione del mercato che pu\u00f2 avere riflessi negativi sull&#8217;unit\u00e0 europea se i Paesi che hanno maggior spazio fiscale operano in autonomia. Oltre alle ricadute sui prezzi, il premier ha ricordato la fase di recessione che l&#8217;Europa sta per attraversare&#8221;. Lo ha detto il Presidente del Consiglio Mario Draghi, nel corso del suo intervento nella sessione iniziale del Consiglio Europeo su &#8220;Energia e Economia&#8221;, sottolineando l&#8217;urgenza di adottare misure che incidano sulla dinamica dei prezzi, quali l&#8217;introduzione di un &#8220;price cap&#8221; e una Riforma del Mercato elettrico. Per Draghi &#8220;gli Stati Membri devono avere una capacit\u00e0 di spesa comune per difendere level playing field. Non \u00e8 una questione di solidariet\u00e0 ma di salvaguardia del mercato interno&#8221;, ha sottolineato il premier durante la discussione. Draghi ha anche insistito sull&#8217;urgenza di un fondo comune considerevole utilizzabile non solo per investimenti, ma anche per mitigare i prezzi.<div id=\"div-gpt-ad-Messinaoggi.it-DSK-300x250-corpoart\" style=\"text-align:center;margin:0 auto;\"><\/div><\/p>\n<p>Foto: agenziafotogramma.it<div id=\"videoincontent\" style=\"clear:both\";><\/div><\/p>\n<p>(ITALPRESS).<\/p><\/div>\n","protected":false},"excerpt":{"rendered":"<p>STRASBURGO (FRANCIA) (ITALPRESS) &#8211; &#8220;Il rischio \u00e8 quello di una frammentazione del mercato che pu\u00f2 avere riflessi negativi sull&#8217;unit\u00e0 europea se i Paesi che hanno maggior spazio fiscale operano in autonomia. Oltre alle ricadute sui prezzi, il premier ha ricordato la fase di recessione che l&#8217;Europa sta per attraversare&#8221;. Lo ha detto il Presidente del [&hellip;]<\/p>\n","protected":false},"author":18,"featured_media":126611,"comment_status":"closed","ping_status":"closed","sticky":false,"template":"","format":"standard","meta":{"ub_ctt_via":"","_mi_skip_tracking":false},"categories":[446],"tags":[783],"featured_image_src":"https:\/\/www.messinaoggi.it\/website\/wp-content\/uploads\/2022\/10\/20221020_2713.jpg","author_info":{"display_name":"Admin","author_link":"https:\/\/www.messinaoggi.it\/website\/author\/admin\/"},"digistream_id":0,"digistream":false,"_links":{"self":[{"href":"https:\/\/www.messinaoggi.it\/website\/wp-json\/wp\/v2\/posts\/126610"}],"collection":[{"href":"https:\/\/www.messinaoggi.it\/website\/wp-json\/wp\/v2\/posts"}],"about":[{"href":"https:\/\/www.messinaoggi.it\/website\/wp-json\/wp\/v2\/types\/post"}],"author":[{"embeddable":true,"href":"https:\/\/www.messinaoggi.it\/website\/wp-json\/wp\/v2\/users\/18"}],"replies":[{"embeddable":true,"href":"https:\/\/www.messinaoggi.it\/website\/wp-json\/wp\/v2\/comments?post=126610"}],"version-history":[{"count":0,"href":"https:\/\/www.messinaoggi.it\/website\/wp-json\/wp\/v2\/posts\/126610\/revisions"}],"wp:featuredmedia":[{"embeddable":true,"href":"https:\/\/www.messinaoggi.it\/website\/wp-json\/wp\/v2\/media\/126611"}],"wp:attachment":[{"href":"https:\/\/www.messinaoggi.it\/website\/wp-json\/wp\/v2\/media?parent=126610"}],"wp:term":[{"taxonomy":"category","embeddable":true,"href":"https:\/\/www.messinaoggi.it\/website\/wp-json\/wp\/v2\/categories?post=126610"},{"taxonomy":"post_tag","embeddable":true,"href":"https:\/\/www.messinaoggi.it\/website\/wp-json\/wp\/v2\/tags?post=126610"}],"curies":[{"name":"wp","href":"https:\/\/api.w.org\/{rel}","templated":true}]}}