{"id":126608,"date":"2022-10-20T21:07:54","date_gmt":"2022-10-20T19:07:54","guid":{"rendered":"https:\/\/www.messinaoggi.it\/website\/2022\/10\/20\/letta-se-il-governo-non-sara-europeista-non-durera\/"},"modified":"2022-10-20T21:07:54","modified_gmt":"2022-10-20T19:07:54","slug":"letta-se-il-governo-non-sara-europeista-non-durera","status":"publish","type":"post","link":"https:\/\/www.messinaoggi.it\/website\/2022\/10\/20\/letta-se-il-governo-non-sara-europeista-non-durera\/","title":{"rendered":"Letta \u201cSe il Governo non sar\u00e0 europeista non durer\u00e0\u201d"},"content":{"rendered":"<div>ROMA (ITALPRESS) &#8211; &#8220;Noi spingiamo perch\u00e8 ci siano scelte nazionali anche per il tetto al prezzo del gas, stanno crescendo le diseguaglianze, il nostro paese ha bisogno di risposte efficaci su questo terreno&#8221;. Lo ha detto il segretario del Partito Democratico, Enrico Letta, al termine delle consultazioni con il presidente della Repubblica, Sergio Mattarella. &#8220;Noi saremo convintamente opposizione in Parlamento, un&#8217;opposizione rigorosa e ferma &#8211; ha aggiunto -, a partire dalle tre questioni principali: lavoro, diritto e ambiente. Su questi punti saremo vigili, non accetteremo arretramenti e ambiguit\u00e0&#8221;.<br \/>&#8220;Su giustizia, sanit\u00e0 e le altre questioni non vogliamo sentire ambiguit\u00e0, in questo momento si deve essere chiari sul fatto che il nostro Paese deve avere un governo in continuit\u00e0 con l&#8217;alleanza europea e atlantica &#8211; ha poi sottolineato Letta -. Il governo che sta per nascere deve stare senza ambiguit\u00e0 sulla condanna ferma alla Russia, e sul sostegno al popolo ucraino &#8211; ha aggiunto -, esprimo grande preoccupazione per quanto successo in questi giorni, si \u00e8 resa pi\u00f9 marcata la divisione interna alla maggioranza, \u00e8 emerso come ci siano strade diverse, amicizie diverse&#8221;.<br \/>&#8220;Le parole del presidente Fontana e di Berlusconi fanno suonare un campanello d&#8217;allarme sulla posizione dell&#8217;Italia&#8221;, ha detto ancora Letta, che ha ribadito: &#8220;In questa legislatura abbiamo intenzione di difendere la Costituzione e i principi fondamentali, saremo contrari a stravolgimenti dell&#8217;impianto della nostra Costituzione&#8221;.<br \/>&#8220;Il governo che nascer\u00e0 o sar\u00e0 europeista e atlantista o sar\u00e0 un governo non in grado di durare, l&#8217;Italia deve essere un Paese affidabile, quindi non deve cambiare campo&#8221;, ha proseguito l&#8217;ex premier.<br \/>&#8220;Le parole del presidente Berlusconi sono gravissime e rappresentano un vulnus per l&#8217;affidabilit\u00e0 del paese &#8211; ha aggiunto &#8211; e sono un vulnus gravissimo anche gli applausi di sottofondo. Quella non pu\u00f2 essere la linea di politica estera del nostro Paese, sarebbe una linea politica pericolosa&#8221;.<div id=\"div-gpt-ad-Messinaoggi.it-DSK-300x250-corpoart\" style=\"text-align:center;margin:0 auto;\"><\/div><\/p>\n<p>&#8211; foto ufficio stampa Quirinale &#8211;<div id=\"videoincontent\" style=\"clear:both\";><\/div><\/p>\n<p>(ITALPRESS).<\/p><\/div>\n","protected":false},"excerpt":{"rendered":"<p>ROMA (ITALPRESS) &#8211; &#8220;Noi spingiamo perch\u00e8 ci siano scelte nazionali anche per il tetto al prezzo del gas, stanno crescendo le diseguaglianze, il nostro paese ha bisogno di risposte efficaci su questo terreno&#8221;. Lo ha detto il segretario del Partito Democratico, Enrico Letta, al termine delle consultazioni con il presidente della Repubblica, Sergio Mattarella. &#8220;Noi [&hellip;]<\/p>\n","protected":false},"author":18,"featured_media":126609,"comment_status":"closed","ping_status":"closed","sticky":false,"template":"","format":"standard","meta":{"ub_ctt_via":"","_mi_skip_tracking":false},"categories":[446],"tags":[783],"featured_image_src":"https:\/\/www.messinaoggi.it\/website\/wp-content\/uploads\/2022\/10\/20221020_2697.jpg","author_info":{"display_name":"Admin","author_link":"https:\/\/www.messinaoggi.it\/website\/author\/admin\/"},"digistream_id":0,"digistream":false,"_links":{"self":[{"href":"https:\/\/www.messinaoggi.it\/website\/wp-json\/wp\/v2\/posts\/126608"}],"collection":[{"href":"https:\/\/www.messinaoggi.it\/website\/wp-json\/wp\/v2\/posts"}],"about":[{"href":"https:\/\/www.messinaoggi.it\/website\/wp-json\/wp\/v2\/types\/post"}],"author":[{"embeddable":true,"href":"https:\/\/www.messinaoggi.it\/website\/wp-json\/wp\/v2\/users\/18"}],"replies":[{"embeddable":true,"href":"https:\/\/www.messinaoggi.it\/website\/wp-json\/wp\/v2\/comments?post=126608"}],"version-history":[{"count":0,"href":"https:\/\/www.messinaoggi.it\/website\/wp-json\/wp\/v2\/posts\/126608\/revisions"}],"wp:featuredmedia":[{"embeddable":true,"href":"https:\/\/www.messinaoggi.it\/website\/wp-json\/wp\/v2\/media\/126609"}],"wp:attachment":[{"href":"https:\/\/www.messinaoggi.it\/website\/wp-json\/wp\/v2\/media?parent=126608"}],"wp:term":[{"taxonomy":"category","embeddable":true,"href":"https:\/\/www.messinaoggi.it\/website\/wp-json\/wp\/v2\/categories?post=126608"},{"taxonomy":"post_tag","embeddable":true,"href":"https:\/\/www.messinaoggi.it\/website\/wp-json\/wp\/v2\/tags?post=126608"}],"curies":[{"name":"wp","href":"https:\/\/api.w.org\/{rel}","templated":true}]}}