{"id":126581,"date":"2022-10-20T20:07:55","date_gmt":"2022-10-20T18:07:55","guid":{"rendered":"https:\/\/www.messinaoggi.it\/website\/2022\/10\/20\/conte-il-governo-sia-a-forte-vocazione-europeista\/"},"modified":"2022-10-20T20:07:55","modified_gmt":"2022-10-20T18:07:55","slug":"conte-il-governo-sia-a-forte-vocazione-europeista","status":"publish","type":"post","link":"https:\/\/www.messinaoggi.it\/website\/2022\/10\/20\/conte-il-governo-sia-a-forte-vocazione-europeista\/","title":{"rendered":"Conte \u201cIl Governo sia a forte vocazione europeista\u201d"},"content":{"rendered":"<div>ROMA (ITALPRESS) &#8211; &#8220;Ci aspettiamo un esecutivo a forte vocazione europeista, \u00e8 necessaria \u00e8 indiscutibile, un esecutivo che abbia chiara la collocazione euro-atlantica, pronto per affrontare la crisi in atto economica e sociale&#8221;. Lo ha detto il presidente del M5S, Giuseppe Conte, al termine delle consultazioni al Quirinale.<br \/>&#8220;Abbiamo rappresentato la nostra forte perplessit\u00e0 che la Farnesina, cos\u00ec centrale, possa essere affidata a un esponente di Forza Italia dopo che \u00e8 emerso il ragionamento del suo leader sull&#8217;Ucraina&#8221;, ha spiegato Conte.<br \/>&#8220;Noi distinguiamo una politica conservatrice da una reazionaria &#8211; ha detto ancora l&#8217;ex premier -. Queste sono forze di centrodestra distanti dalle nostre sensibilit\u00e0 politiche, per\u00f2 c&#8217;\u00e8 un discrimine, una cosa sono politiche conservatrici e altra cosa sono quelle reazionarie. Se si vogliono rimettere indietro le lancette delle nostre conquiste civili troveranno un muro, le contrasteremo con forza&#8221;.<br \/>&#8220;Contrasteremo con forza anche se vorranno smantellare i presidi di tutela sociale&#8221;, ha proseguito. E sulla guerra in Ucraina ha ribadito: &#8220;Ci ritroveremo il 5 novembre per una grande manifestazione nazionale, ci saremo senza bandiere. Per noi la svolta verso un negoziato di pace \u00e8 prioritaria e riteniamo che non ci sia pi\u00f9 bisogno di invio di armi&#8221;.<div id=\"div-gpt-ad-Messinaoggi.it-DSK-300x250-corpoart\" style=\"text-align:center;margin:0 auto;\"><\/div><\/p>\n<p>&#8211; foto ufficio stampa Quirinale &#8211;<div id=\"videoincontent\" style=\"clear:both\";><\/div><\/p>\n<p>(ITALPRESS).<\/p><\/div>\n","protected":false},"excerpt":{"rendered":"<p>ROMA (ITALPRESS) &#8211; &#8220;Ci aspettiamo un esecutivo a forte vocazione europeista, \u00e8 necessaria \u00e8 indiscutibile, un esecutivo che abbia chiara la collocazione euro-atlantica, pronto per affrontare la crisi in atto economica e sociale&#8221;. Lo ha detto il presidente del M5S, Giuseppe Conte, al termine delle consultazioni al Quirinale.&#8220;Abbiamo rappresentato la nostra forte perplessit\u00e0 che la [&hellip;]<\/p>\n","protected":false},"author":18,"featured_media":126582,"comment_status":"closed","ping_status":"closed","sticky":false,"template":"","format":"standard","meta":{"ub_ctt_via":"","_mi_skip_tracking":false},"categories":[446],"tags":[783],"featured_image_src":"https:\/\/www.messinaoggi.it\/website\/wp-content\/uploads\/2022\/10\/20221020_2549.jpg","author_info":{"display_name":"Admin","author_link":"https:\/\/www.messinaoggi.it\/website\/author\/admin\/"},"digistream_id":0,"digistream":false,"_links":{"self":[{"href":"https:\/\/www.messinaoggi.it\/website\/wp-json\/wp\/v2\/posts\/126581"}],"collection":[{"href":"https:\/\/www.messinaoggi.it\/website\/wp-json\/wp\/v2\/posts"}],"about":[{"href":"https:\/\/www.messinaoggi.it\/website\/wp-json\/wp\/v2\/types\/post"}],"author":[{"embeddable":true,"href":"https:\/\/www.messinaoggi.it\/website\/wp-json\/wp\/v2\/users\/18"}],"replies":[{"embeddable":true,"href":"https:\/\/www.messinaoggi.it\/website\/wp-json\/wp\/v2\/comments?post=126581"}],"version-history":[{"count":0,"href":"https:\/\/www.messinaoggi.it\/website\/wp-json\/wp\/v2\/posts\/126581\/revisions"}],"wp:featuredmedia":[{"embeddable":true,"href":"https:\/\/www.messinaoggi.it\/website\/wp-json\/wp\/v2\/media\/126582"}],"wp:attachment":[{"href":"https:\/\/www.messinaoggi.it\/website\/wp-json\/wp\/v2\/media?parent=126581"}],"wp:term":[{"taxonomy":"category","embeddable":true,"href":"https:\/\/www.messinaoggi.it\/website\/wp-json\/wp\/v2\/categories?post=126581"},{"taxonomy":"post_tag","embeddable":true,"href":"https:\/\/www.messinaoggi.it\/website\/wp-json\/wp\/v2\/tags?post=126581"}],"curies":[{"name":"wp","href":"https:\/\/api.w.org\/{rel}","templated":true}]}}