{"id":126572,"date":"2022-10-20T19:07:51","date_gmt":"2022-10-20T17:07:51","guid":{"rendered":"https:\/\/www.messinaoggi.it\/website\/2022\/10\/20\/consultazioni-calenda-faremo-opposizione-senza-sconti\/"},"modified":"2022-10-20T19:07:51","modified_gmt":"2022-10-20T17:07:51","slug":"consultazioni-calenda-faremo-opposizione-senza-sconti","status":"publish","type":"post","link":"https:\/\/www.messinaoggi.it\/website\/2022\/10\/20\/consultazioni-calenda-faremo-opposizione-senza-sconti\/","title":{"rendered":"Consultazioni, Calenda \u201cFaremo opposizione senza sconti\u201d"},"content":{"rendered":"<div>ROMA (ITALPRESS) &#8211; &#8220;Abbiamo ringraziato Mattarella per il lavoro da punto di riferimento morale e valoriale del Paese. Abbiamo confermato che saremo all&#8217;opposizione, sar\u00e0 un&#8217;opposizione senza sconti ma cercher\u00e0 di ingaggiare il governo su tematiche concrete&#8221;. Cos\u00ec il leader di Azione, Carlo Calenda, in rappresentanza dei Gruppi Parlamentari &#8220;Azione-Italia Viva-Renew Europe&#8221; del Senato e della Camera al termine delle consultazioni al Quirinale.<br \/>\n&#8220;Abbiamo segnalato la nostra gigantesca preoccupazione per il costo dell&#8217;energia, crediamo che questo dalla maggioranza non sia percepito a sufficienza e crediamo possa essere un rischio di tenuta sociale per il paese&#8221;, ha proseguito.<br \/>\n&#8220;Abbiamo segnalato la nostra viva preoccupazione per quanto accaduto ieri, c&#8217;\u00e8 la sensazione di traballare sulla linea di politica estera italiana &#8211; ha detto ancora Calenda -. Su questo il governo debba fare un chiarimento definitivo, le parole di Meloni le abbiamo apprezzate ma una cosa sono le parole altro i fatti. Ci aspettiamo che atteggiamento come quelli di Berlusconi vengano respinti&#8221;.<div id=\"div-gpt-ad-Messinaoggi.it-DSK-300x250-corpoart\" style=\"text-align:center;margin:0 auto;\"><\/div><\/p>\n<p>&#8211; foto ufficio stampa Quirinale &#8211;<div id=\"videoincontent\" style=\"clear:both\";><\/div><\/p>\n<p>(ITALPRESS).<\/p><\/div>\n","protected":false},"excerpt":{"rendered":"<p>ROMA (ITALPRESS) &#8211; &#8220;Abbiamo ringraziato Mattarella per il lavoro da punto di riferimento morale e valoriale del Paese. Abbiamo confermato che saremo all&#8217;opposizione, sar\u00e0 un&#8217;opposizione senza sconti ma cercher\u00e0 di ingaggiare il governo su tematiche concrete&#8221;. Cos\u00ec il leader di Azione, Carlo Calenda, in rappresentanza dei Gruppi Parlamentari &#8220;Azione-Italia Viva-Renew Europe&#8221; del Senato e della [&hellip;]<\/p>\n","protected":false},"author":18,"featured_media":126573,"comment_status":"closed","ping_status":"closed","sticky":false,"template":"","format":"standard","meta":{"ub_ctt_via":"","_mi_skip_tracking":false},"categories":[446],"tags":[783],"featured_image_src":"https:\/\/www.messinaoggi.it\/website\/wp-content\/uploads\/2022\/10\/20221020_2307.jpg","author_info":{"display_name":"Admin","author_link":"https:\/\/www.messinaoggi.it\/website\/author\/admin\/"},"digistream_id":0,"digistream":false,"_links":{"self":[{"href":"https:\/\/www.messinaoggi.it\/website\/wp-json\/wp\/v2\/posts\/126572"}],"collection":[{"href":"https:\/\/www.messinaoggi.it\/website\/wp-json\/wp\/v2\/posts"}],"about":[{"href":"https:\/\/www.messinaoggi.it\/website\/wp-json\/wp\/v2\/types\/post"}],"author":[{"embeddable":true,"href":"https:\/\/www.messinaoggi.it\/website\/wp-json\/wp\/v2\/users\/18"}],"replies":[{"embeddable":true,"href":"https:\/\/www.messinaoggi.it\/website\/wp-json\/wp\/v2\/comments?post=126572"}],"version-history":[{"count":0,"href":"https:\/\/www.messinaoggi.it\/website\/wp-json\/wp\/v2\/posts\/126572\/revisions"}],"wp:featuredmedia":[{"embeddable":true,"href":"https:\/\/www.messinaoggi.it\/website\/wp-json\/wp\/v2\/media\/126573"}],"wp:attachment":[{"href":"https:\/\/www.messinaoggi.it\/website\/wp-json\/wp\/v2\/media?parent=126572"}],"wp:term":[{"taxonomy":"category","embeddable":true,"href":"https:\/\/www.messinaoggi.it\/website\/wp-json\/wp\/v2\/categories?post=126572"},{"taxonomy":"post_tag","embeddable":true,"href":"https:\/\/www.messinaoggi.it\/website\/wp-json\/wp\/v2\/tags?post=126572"}],"curies":[{"name":"wp","href":"https:\/\/api.w.org\/{rel}","templated":true}]}}