{"id":126564,"date":"2022-10-20T18:07:53","date_gmt":"2022-10-20T16:07:53","guid":{"rendered":"https:\/\/www.messinaoggi.it\/website\/2022\/10\/20\/consultazioni-fratoianni-preoccupati-per-la-crisi-sociale\/"},"modified":"2022-10-20T18:07:53","modified_gmt":"2022-10-20T16:07:53","slug":"consultazioni-fratoianni-preoccupati-per-la-crisi-sociale","status":"publish","type":"post","link":"https:\/\/www.messinaoggi.it\/website\/2022\/10\/20\/consultazioni-fratoianni-preoccupati-per-la-crisi-sociale\/","title":{"rendered":"Consultazioni, Fratoianni \u201cPreoccupati per la crisi sociale\u201d"},"content":{"rendered":"<div>ROMA (ITALPRESS) &#8211; &#8220;Abbiamo rappresentato le nostre preoccupazioni&#8221; per la situazione internazionale, &#8220;abbiamo ribadito il nostro impegno per la pace che si misurer\u00e0 in Parlamento e nel paese, abbiamo ribadito, nella nettezza di un giudizio su chi aggredisce e chi \u00e8 aggredito, che la scelta della pace e della diplomazia \u00e8 l&#8217;unica strada. Abbiamo espresso la nostra profonda preoccupazione per la crisi sociale che attraversa il Paese, c&#8217;\u00e8 il rischio di una tensione insopportabile e occorrono risposte immediate&#8221;. Cos\u00ec il segretario di Sinistra Italiana, Nicola Fratoianni, al termine delle consultazioni al Quirinale. &#8220;La destra ha proposte che rischiano di aggravare la situazione, noi faremo opposizione seria&#8221;, ha aggiunto. <div id=\"div-gpt-ad-Messinaoggi.it-DSK-300x250-corpoart\" style=\"text-align:center;margin:0 auto;\"><\/div><\/p>\n<p>&#8211; Foto ufficio stampa Quirinale &#8211;<div id=\"videoincontent\" style=\"clear:both\";><\/div><\/p>\n<p>(ITALPRESS).<\/p><\/div>\n","protected":false},"excerpt":{"rendered":"<p>ROMA (ITALPRESS) &#8211; &#8220;Abbiamo rappresentato le nostre preoccupazioni&#8221; per la situazione internazionale, &#8220;abbiamo ribadito il nostro impegno per la pace che si misurer\u00e0 in Parlamento e nel paese, abbiamo ribadito, nella nettezza di un giudizio su chi aggredisce e chi \u00e8 aggredito, che la scelta della pace e della diplomazia \u00e8 l&#8217;unica strada. Abbiamo espresso [&hellip;]<\/p>\n","protected":false},"author":18,"featured_media":126565,"comment_status":"closed","ping_status":"closed","sticky":false,"template":"","format":"standard","meta":{"ub_ctt_via":"","_mi_skip_tracking":false},"categories":[446],"tags":[783],"featured_image_src":"https:\/\/www.messinaoggi.it\/website\/wp-content\/uploads\/2022\/10\/20221020_2254.jpg","author_info":{"display_name":"Admin","author_link":"https:\/\/www.messinaoggi.it\/website\/author\/admin\/"},"digistream_id":0,"digistream":false,"_links":{"self":[{"href":"https:\/\/www.messinaoggi.it\/website\/wp-json\/wp\/v2\/posts\/126564"}],"collection":[{"href":"https:\/\/www.messinaoggi.it\/website\/wp-json\/wp\/v2\/posts"}],"about":[{"href":"https:\/\/www.messinaoggi.it\/website\/wp-json\/wp\/v2\/types\/post"}],"author":[{"embeddable":true,"href":"https:\/\/www.messinaoggi.it\/website\/wp-json\/wp\/v2\/users\/18"}],"replies":[{"embeddable":true,"href":"https:\/\/www.messinaoggi.it\/website\/wp-json\/wp\/v2\/comments?post=126564"}],"version-history":[{"count":0,"href":"https:\/\/www.messinaoggi.it\/website\/wp-json\/wp\/v2\/posts\/126564\/revisions"}],"wp:featuredmedia":[{"embeddable":true,"href":"https:\/\/www.messinaoggi.it\/website\/wp-json\/wp\/v2\/media\/126565"}],"wp:attachment":[{"href":"https:\/\/www.messinaoggi.it\/website\/wp-json\/wp\/v2\/media?parent=126564"}],"wp:term":[{"taxonomy":"category","embeddable":true,"href":"https:\/\/www.messinaoggi.it\/website\/wp-json\/wp\/v2\/categories?post=126564"},{"taxonomy":"post_tag","embeddable":true,"href":"https:\/\/www.messinaoggi.it\/website\/wp-json\/wp\/v2\/tags?post=126564"}],"curies":[{"name":"wp","href":"https:\/\/api.w.org\/{rel}","templated":true}]}}