{"id":126536,"date":"2022-10-20T17:07:54","date_gmt":"2022-10-20T15:07:54","guid":{"rendered":"https:\/\/www.messinaoggi.it\/website\/2022\/10\/20\/consultazioni-della-vedova-faremo-opposizione-seria-e-rigorosa\/"},"modified":"2022-10-20T17:07:54","modified_gmt":"2022-10-20T15:07:54","slug":"consultazioni-della-vedova-faremo-opposizione-seria-e-rigorosa","status":"publish","type":"post","link":"https:\/\/www.messinaoggi.it\/website\/2022\/10\/20\/consultazioni-della-vedova-faremo-opposizione-seria-e-rigorosa\/","title":{"rendered":"Consultazioni, Della Vedova \u201cFaremo opposizione seria e rigorosa\u201d"},"content":{"rendered":"<div>ROMA (ITALPRESS) &#8211; &#8220;Il pensiero \u00e8 di una parte delle minoranze linguistiche, nel colloquio abbiamo espresso una certa preoccupazione su quello che potrebbe succedere, una maggioranza c&#8217;\u00e8 e non mettiamo in discussione i risultati, ma la preoccupazione \u00e8 perch\u00e8 con uno dei gruppi di maggioranza non sempre abbiamo avuto rapporti buonissimi, ma siamo fiduciosi che ci possa essere garante di poter avviare una discussione costruttiva&#8221;. Cos\u00ec Manfred Schullian del Gruppo Misto della Camera dei deputati, al termine delle consultazioni al Quirinale. &#8220;Abbiamo rinnovato la fiducia al presidente della Repubblica affinch\u00e8 sia garante sul tema delle autonomie e minoranze linguistiche&#8221;, ha aggiunto.<br \/>&#8220;Se l&#8217;incarico sar\u00e0 assegnato a un esponente della maggioranza della destra, ci prepareremo a fare una opposizione seria e rigorosa a partire dal tema dei diritti e dei diritti civili&#8221;, ha detto Benedetto Della Vedova, membro della componente +Europa del gruppo misto della Camera.<br \/>&#8220;Sono nel gruppo misto per rimanerci, il mio voto non \u00e8 in vendita perch\u00e8 siamo qui per rappresentare gli interessi del Sud e per fare una opposizione costruttiva&#8221;, ha spiegato Francesco Gallo, membro della componente &#8220;Sud chiama Nord&#8221; del Gruppo Misto. &#8220;I temi pi\u00f9 importanti per noi sono il lavoro che non pu\u00f2 essere sostituito dal Reddito di cittadinanza, cos\u00ec come il reddito non pu\u00f2 essere sospeso da un giorno all&#8217;altro. Altro tema \u00e8 quello delle infrastrutture che non si risolve rilanciando il Ponte sullo Stretto. Ultima considerazione \u00e8 la lotta alla mafia, noi vogliamo grande impegno da parte del governo e su questo saremo vigili. Il nostro non sar\u00e0 un voto di fiducia ma un atteggiamento costruttivo&#8221;, ha aggiunto.<div id=\"div-gpt-ad-Messinaoggi.it-DSK-300x250-corpoart\" style=\"text-align:center;margin:0 auto;\"><\/div><\/p>\n<p>&#8211; foto ufficio stampa Quirinale &#8211;<div id=\"videoincontent\" style=\"clear:both\";><\/div><\/p>\n<p>(ITALPRESS).<\/p><\/div>\n","protected":false},"excerpt":{"rendered":"<p>ROMA (ITALPRESS) &#8211; &#8220;Il pensiero \u00e8 di una parte delle minoranze linguistiche, nel colloquio abbiamo espresso una certa preoccupazione su quello che potrebbe succedere, una maggioranza c&#8217;\u00e8 e non mettiamo in discussione i risultati, ma la preoccupazione \u00e8 perch\u00e8 con uno dei gruppi di maggioranza non sempre abbiamo avuto rapporti buonissimi, ma siamo fiduciosi che [&hellip;]<\/p>\n","protected":false},"author":18,"featured_media":126537,"comment_status":"closed","ping_status":"closed","sticky":false,"template":"","format":"standard","meta":{"ub_ctt_via":"","_mi_skip_tracking":false},"categories":[446],"tags":[783],"featured_image_src":"https:\/\/www.messinaoggi.it\/website\/wp-content\/uploads\/2022\/10\/20221020_2092.jpg","author_info":{"display_name":"Admin","author_link":"https:\/\/www.messinaoggi.it\/website\/author\/admin\/"},"digistream_id":0,"digistream":false,"_links":{"self":[{"href":"https:\/\/www.messinaoggi.it\/website\/wp-json\/wp\/v2\/posts\/126536"}],"collection":[{"href":"https:\/\/www.messinaoggi.it\/website\/wp-json\/wp\/v2\/posts"}],"about":[{"href":"https:\/\/www.messinaoggi.it\/website\/wp-json\/wp\/v2\/types\/post"}],"author":[{"embeddable":true,"href":"https:\/\/www.messinaoggi.it\/website\/wp-json\/wp\/v2\/users\/18"}],"replies":[{"embeddable":true,"href":"https:\/\/www.messinaoggi.it\/website\/wp-json\/wp\/v2\/comments?post=126536"}],"version-history":[{"count":0,"href":"https:\/\/www.messinaoggi.it\/website\/wp-json\/wp\/v2\/posts\/126536\/revisions"}],"wp:featuredmedia":[{"embeddable":true,"href":"https:\/\/www.messinaoggi.it\/website\/wp-json\/wp\/v2\/media\/126537"}],"wp:attachment":[{"href":"https:\/\/www.messinaoggi.it\/website\/wp-json\/wp\/v2\/media?parent=126536"}],"wp:term":[{"taxonomy":"category","embeddable":true,"href":"https:\/\/www.messinaoggi.it\/website\/wp-json\/wp\/v2\/categories?post=126536"},{"taxonomy":"post_tag","embeddable":true,"href":"https:\/\/www.messinaoggi.it\/website\/wp-json\/wp\/v2\/tags?post=126536"}],"curies":[{"name":"wp","href":"https:\/\/api.w.org\/{rel}","templated":true}]}}