{"id":126532,"date":"2022-10-20T16:07:54","date_gmt":"2022-10-20T14:07:54","guid":{"rendered":"https:\/\/www.messinaoggi.it\/website\/2022\/10\/20\/draghi-appartenenza-a-ue-e-nato-capisaldi-nostra-politica-estera\/"},"modified":"2022-10-20T16:07:54","modified_gmt":"2022-10-20T14:07:54","slug":"draghi-appartenenza-a-ue-e-nato-capisaldi-nostra-politica-estera","status":"publish","type":"post","link":"https:\/\/www.messinaoggi.it\/website\/2022\/10\/20\/draghi-appartenenza-a-ue-e-nato-capisaldi-nostra-politica-estera\/","title":{"rendered":"Draghi \u201cAppartenenza a Ue e Nato capisaldi nostra politica estera\u201d"},"content":{"rendered":"<div>ROMA (ITALPRESS) &#8211; &#8220;L&#8217;appartenenza all&#8217;Unione Europea e alla Nato sono capisaldi della nostra politica estera. Il mercato unico, l&#8217;unione monetaria, l&#8217;alleanza atlantica sono il modo migliore per rafforzare il nostro peso nel mondo, far crescere la nostra economia in modo sostenibile, per garantire la nostra sicurezza.<br \/>Condividiamo in pieno i valori europei e transatlantici e vogliamo continuare a tutelarli e rafforzarli&#8221;. Cos\u00ec il premier Mario Draghi, nel saluto alle rappresentanze diplomatiche italiane a Bruxelles. &#8220;Penso alla salvaguardia dei diritti sociali e civili, in particolare delle minoranze, alla difesa della sovranit\u00e0 democratica degli Stati, alla ricerca del negoziato e della pace come strumento di risoluzione dei conflitti. Questi principi &#8211; ha aggiunto &#8211; sono ancora pi\u00f9 importanti nell&#8217;affrontare le crisi che attraversiamo: dalla guerra in Ucraina, all&#8217;emergenza energetica. All&#8217;interno di queste alleanze, l&#8217;Italia deve essere protagonista. Dobbiamo portare avanti le nostre idee, perch\u00e8 hanno a cuore l&#8217;interesse europeo oltre che quello nazionale. La credibilit\u00e0 che abbiamo acquisito in questi anni \u00e8 lo strumento migliore per ottenere i risultati a cui aspiriamo. Le alleanze che abbiamo stretto e che continuiamo a stringere ci convincono che siamo dalla parte giusta&#8221;, ha concluso Draghi.<br \/>(ITALPRESS).<br \/>-foto agenziafotogramma.it-<\/div>\n<div id=\"div-gpt-ad-Messinaoggi.it-DSK-300x250-corpoart\" style=\"text-align:center;margin:0 auto;\"><\/div><\/p><div id=\"videoincontent\" style=\"clear:both\";><\/div>","protected":false},"excerpt":{"rendered":"<p>ROMA (ITALPRESS) &#8211; &#8220;L&#8217;appartenenza all&#8217;Unione Europea e alla Nato sono capisaldi della nostra politica estera. Il mercato unico, l&#8217;unione monetaria, l&#8217;alleanza atlantica sono il modo migliore per rafforzare il nostro peso nel mondo, far crescere la nostra economia in modo sostenibile, per garantire la nostra sicurezza.Condividiamo in pieno i valori europei e transatlantici e vogliamo [&hellip;]<\/p>\n","protected":false},"author":18,"featured_media":126533,"comment_status":"closed","ping_status":"closed","sticky":false,"template":"","format":"standard","meta":{"ub_ctt_via":"","_mi_skip_tracking":false},"categories":[446],"tags":[783],"featured_image_src":"https:\/\/www.messinaoggi.it\/website\/wp-content\/uploads\/2022\/10\/20221020_1873.jpg","author_info":{"display_name":"Admin","author_link":"https:\/\/www.messinaoggi.it\/website\/author\/admin\/"},"digistream_id":0,"digistream":false,"_links":{"self":[{"href":"https:\/\/www.messinaoggi.it\/website\/wp-json\/wp\/v2\/posts\/126532"}],"collection":[{"href":"https:\/\/www.messinaoggi.it\/website\/wp-json\/wp\/v2\/posts"}],"about":[{"href":"https:\/\/www.messinaoggi.it\/website\/wp-json\/wp\/v2\/types\/post"}],"author":[{"embeddable":true,"href":"https:\/\/www.messinaoggi.it\/website\/wp-json\/wp\/v2\/users\/18"}],"replies":[{"embeddable":true,"href":"https:\/\/www.messinaoggi.it\/website\/wp-json\/wp\/v2\/comments?post=126532"}],"version-history":[{"count":0,"href":"https:\/\/www.messinaoggi.it\/website\/wp-json\/wp\/v2\/posts\/126532\/revisions"}],"wp:featuredmedia":[{"embeddable":true,"href":"https:\/\/www.messinaoggi.it\/website\/wp-json\/wp\/v2\/media\/126533"}],"wp:attachment":[{"href":"https:\/\/www.messinaoggi.it\/website\/wp-json\/wp\/v2\/media?parent=126532"}],"wp:term":[{"taxonomy":"category","embeddable":true,"href":"https:\/\/www.messinaoggi.it\/website\/wp-json\/wp\/v2\/categories?post=126532"},{"taxonomy":"post_tag","embeddable":true,"href":"https:\/\/www.messinaoggi.it\/website\/wp-json\/wp\/v2\/tags?post=126532"}],"curies":[{"name":"wp","href":"https:\/\/api.w.org\/{rel}","templated":true}]}}