{"id":126520,"date":"2022-10-20T15:17:50","date_gmt":"2022-10-20T13:17:50","guid":{"rendered":"https:\/\/www.messinaoggi.it\/website\/2022\/10\/20\/schifani-alla-fiera-didacta-sicilia-bisogna-cogliere-la-sfida-dellinnovazione\/"},"modified":"2022-10-20T15:17:50","modified_gmt":"2022-10-20T13:17:50","slug":"schifani-alla-fiera-didacta-sicilia-bisogna-cogliere-la-sfida-dellinnovazione","status":"publish","type":"post","link":"https:\/\/www.messinaoggi.it\/website\/2022\/10\/20\/schifani-alla-fiera-didacta-sicilia-bisogna-cogliere-la-sfida-dellinnovazione\/","title":{"rendered":"Schifani alla Fiera Didacta Sicilia \u201cBisogna cogliere la sfida dell\u2019innovazione\u201d"},"content":{"rendered":"<div>\n<p>CATANIA (ITALPRESS) \u2013 \u00abDidacta raccoglie la sfida dell\u2019innovazione nel mondo dell\u2019istruzione, che parte dalla scuola materna fino alle superiori e all\u2019universit\u00e0, e in quello delle professioni. La specializzazione e la professionalit\u00e0 sono sempre pi\u00f9 una meta ambita dai vari competitors, in un nuovo mondo globalizzato didattico, professionale, industriale e telematico. Ecco perch\u00e8 bisogna cogliere questa sfida\u00bb. Lo ha detto il Presidente della Regione Siciliana, Renato Schifani, intervenendo all\u2019apertura di Fiera Didacta Sicilia, la manifestazione organizzata da Fiera Didacta Italia con la collaborazione e il sostegno della Regione, che si svolge negli spazi di Sicilia Fiera Exibithion Meeting Hub a Misterbianco, nel Catanese.<br \/>Schifani ha voluto ricordare anche la mostra \u201cL\u2019eredit\u00e0 di Falcone e Borsellino\u201d, allestita all\u2019interno di Didacta, realizzata dall\u2019agenzia di stampa Ansa assieme al Ministero dell\u2019Istruzione e con il sostegno del Fondo sociale europeo della Regione Siciliana. \u00abUna rassegna fotografica \u2013 ha detto il governatore \u2013 su due grandi uomini che hanno lasciato un segnale perenne a tutti i giovani e a tutti coloro i quali sono impegnati a onorare il principio di legalit\u00e0, per il quale ci siamo sempre battuti e ci batteremo sempre. Legalit\u00e0 significa sentire nella propria coscienza lo spirito di trasparenza che deve porsi in tutte le azioni della nostra quotidianit\u00e0: nel mondo della politica, nelle istituzioni, nella scuola, nelle professioni, nel confronto tra varie idee che si contrappongono magari dialetticamente. La mafia persegue il potere e gli interessi, non \u00e8 n\u00e8 di destra n\u00e8 di sinistra e va combattuta senza se senza ma. Noi lo abbiamo fatto con le leggi approvate dal Parlamento, dando cos\u00ec alle forze dell\u2019ordine nuovi strumenti per poterla aggredire nei patrimoni e sistemi detentivi pi\u00f9 duri possibili per isolarla sempre di pi\u00f9\u00bb.<br \/>\u00abLa Regione \u2013 ha concluso Schifani \u2013 sar\u00e0 sempre al fianco dei giovani e dei principi dell\u2019innovazione didattica, un tema sul quale non possiamo arrivare secondi\u00bb.<br \/>A Didacta l\u2019Amministrazione regionale \u00e8 presente con un suo stand, gestito dall\u2019assessorato dell\u2019Istruzione e della formazione professionale e dagli uffici dell\u2019Autorit\u00e0 di gestione del P.O. Fse Sicilia, che hanno organizzato anche alcuni degli appuntamenti del programma scientifico della manifestazione, tra i quali due tavole rotonde. Domani, alle ore 14, il dipartimento regionale dell\u2019Istruzione, dell\u2019universit\u00e0 e del dritto allo studio organizza il talk su \u201cLa nuova programmazione comunitaria 2021-2027. L\u2019attuazione del Piano triennale per il diritto allo studio. L\u2019Istituzione scolastica: primus inter pares\u201d: un momento di approfondimento sugli obiettivi dell\u2019Agenda 2030 in tema di educazione e apprendimento, sulle accresciute disponibilit\u00e0 finanziarie in campo per ampliare l\u2019offerta formativa, ridurre i divari e progettare interventi condivisi tra tutti gli attori in campo, istituzioni, portatori di interessi, comunit\u00e0 scolastica. Interverranno le dirigenti dell\u2019assessorato regionale dell\u2019Istruzione e della formazione professionale Anna Buttafuoco (servizio \u201cFunzionamento scuole statali\u201d) e Gabriella Iannolino (servizio \u201cProgrammazione e gestione interventi in materia di universit\u00e0, ricerca scientifica e tecnologica\u201d), la componente del Tavolo politiche scolastiche delegata per l\u2019assessorato dell\u2019Istruzione e della Formazione professionale Maria Sparacino, il dirigente tecnico dell\u2019Ufficio scolastico regionale Viviana Assenza, il dirigente della Direzione didattica \u201cMonti Iblei\u201d di Palermo Irene Marcellino, il presidente dell\u2019associazione Yolk Clementina Montezemolo. <br \/>Sabato, alle ore 11, il dipartimento della Formazione professionale e l\u2019Autorit\u00e0 di gestione del Fondo sociale europeo promuovono un focus su \u201cL\u2019importanza della ricerca scientifica per l\u2019innovazione aziendale e lo sviluppo del territorio\u201d: una riflessione con alcuni interlocutori rappresentativi su come investire in competitivit\u00e0, creando sinergie tra alta formazione universitaria, nuovi ITS e ricerca applicata nel mondo aziendale. Ne discuteranno il direttore generale del dipartimento regionale della Formazione professionale e Autorit\u00e0 di gestione Fse Patrizia Valenti, il dirigente generale del dipartimento regionale delle Attivit\u00e0 produttive Carmelo Frittitta, il rettore dell\u2019Universit\u00e0 di Catania Francesco Priolo, il presidente dell\u2019Its \u201cSteve Jobs\u201d di Caltagirone Franco Pignataro, il presidente del Polo Meccatronica Valley Antonello Mineo, il responsabile Rapporti con stakeholder e mondo accademico di Terna Spa Antonio Geracitano, un referente di StMicroelectronics. <br \/>foto ufficio stampa Regione Siciliana<br \/>(ITALPRESS).<div id=\"div-gpt-ad-Messinaoggi.it-DSK-300x250-corpoart\" style=\"text-align:center;margin:0 auto;\"><\/div><\/p>\n<\/div>\n<div id=\"videoincontent\" style=\"clear:both\";><\/div>","protected":false},"excerpt":{"rendered":"<p>CATANIA (ITALPRESS) \u2013 \u00abDidacta raccoglie la sfida dell\u2019innovazione nel mondo dell\u2019istruzione, che parte dalla scuola materna fino alle superiori e all\u2019universit\u00e0, e in quello delle professioni. La specializzazione e la professionalit\u00e0 sono sempre pi\u00f9 una meta ambita dai vari competitors, in un nuovo mondo globalizzato didattico, professionale, industriale e telematico. Ecco perch\u00e8 bisogna cogliere questa [&hellip;]<\/p>\n","protected":false},"author":18,"featured_media":126521,"comment_status":"closed","ping_status":"closed","sticky":false,"template":"","format":"standard","meta":{"ub_ctt_via":"","_mi_skip_tracking":false},"categories":[2449],"tags":[783],"featured_image_src":"https:\/\/www.messinaoggi.it\/website\/wp-content\/uploads\/2022\/10\/20221020_0845.jpg","author_info":{"display_name":"Admin","author_link":"https:\/\/www.messinaoggi.it\/website\/author\/admin\/"},"digistream_id":0,"digistream":false,"_links":{"self":[{"href":"https:\/\/www.messinaoggi.it\/website\/wp-json\/wp\/v2\/posts\/126520"}],"collection":[{"href":"https:\/\/www.messinaoggi.it\/website\/wp-json\/wp\/v2\/posts"}],"about":[{"href":"https:\/\/www.messinaoggi.it\/website\/wp-json\/wp\/v2\/types\/post"}],"author":[{"embeddable":true,"href":"https:\/\/www.messinaoggi.it\/website\/wp-json\/wp\/v2\/users\/18"}],"replies":[{"embeddable":true,"href":"https:\/\/www.messinaoggi.it\/website\/wp-json\/wp\/v2\/comments?post=126520"}],"version-history":[{"count":0,"href":"https:\/\/www.messinaoggi.it\/website\/wp-json\/wp\/v2\/posts\/126520\/revisions"}],"wp:featuredmedia":[{"embeddable":true,"href":"https:\/\/www.messinaoggi.it\/website\/wp-json\/wp\/v2\/media\/126521"}],"wp:attachment":[{"href":"https:\/\/www.messinaoggi.it\/website\/wp-json\/wp\/v2\/media?parent=126520"}],"wp:term":[{"taxonomy":"category","embeddable":true,"href":"https:\/\/www.messinaoggi.it\/website\/wp-json\/wp\/v2\/categories?post=126520"},{"taxonomy":"post_tag","embeddable":true,"href":"https:\/\/www.messinaoggi.it\/website\/wp-json\/wp\/v2\/tags?post=126520"}],"curies":[{"name":"wp","href":"https:\/\/api.w.org\/{rel}","templated":true}]}}