{"id":126503,"date":"2022-10-20T14:17:52","date_gmt":"2022-10-20T12:17:52","guid":{"rendered":"https:\/\/www.messinaoggi.it\/website\/2022\/10\/20\/medici-a-confronto-a-palermo-sul-futuro-del-soccorso-aereo\/"},"modified":"2022-10-20T14:17:52","modified_gmt":"2022-10-20T12:17:52","slug":"medici-a-confronto-a-palermo-sul-futuro-del-soccorso-aereo","status":"publish","type":"post","link":"https:\/\/www.messinaoggi.it\/website\/2022\/10\/20\/medici-a-confronto-a-palermo-sul-futuro-del-soccorso-aereo\/","title":{"rendered":"Medici a confronto a Palermo sul futuro del Soccorso aereo"},"content":{"rendered":"<div>\n<p>PALERMO (ITALPRESS) \u2013 Una giornata di formazione e dibattito affrontando una realt\u00e0, quella del soccorso aereo, che ha dato un contributo fondamentale nel contrasto alla pandemia e che vive un periodo di importante evoluzione grazie alle nuove tecnologie. A promuoverla l\u2019Ordine dei medici di Palermo nella sede di villa Magnisi, con la collaborazione del corpo sanitario dell\u2019Aeronautica militare e il supporto di Ministero della Salute ed Enac. <br \/>La kermesse ha visto l\u2019alternarsi tra il racconto delle esperienze personali di chi era a bordo dei velivoli per soccorrere i cittadini italiani all\u2019estero nella prima fase della pandemia e il confronto tra esperti sugli strumenti sanitari e tecnologici per garantire la sicurezza ai pazienti, a prescindere dall\u2019ambiente o dagli assetti di riferimento. Diversi i temi affrontati: la medicina aeronautica, il trattamento sanitario del paziente sui velivoli, le procedure di allerta nazionale e internazionale con l\u2019impiego di uomini e mezzi, l\u2019organizzazione della logistica sul territorio.<br \/>Il modello cui si guarda \u00e8 l\u2019hangar di Pratica di Mare (RM), in prima linea sia nel rimpatrio dei connazionali che nella ricezione e nella distribuzione dei vaccini anti Covid. Tuttavia, il presidente dell\u2019Ordine dei Medici di Palermo, Toti Amato, sottolinea come \u201canche in Sicilia abbiamo basi aeroportuali molto solide come Birgi e Sigonella: ritengo per\u00f2 che il soccorso in volo vada sempre potenziato, perch\u00e8 in caso di particolari emergenze \u00e8 il primo a poter intervenire. Naturalmente qualsiasi discorso sull\u2019ampliamento o sull\u2019attuazione dovr\u00e0 essere affrontato coinvolgendo l\u2019Enac, la Protezione civile e le istituzioni territoriali\u201d. Amato plaude poi alla scelta di Palermo come luogo per la formazione sul soccorso aereo da parte del ministero della Salute: \u201cE\u2019 un passaggio fondamentale per far capire ai medici come muoversi in un contesto emergenziale complesso e il fatto che abbiano puntato su di noi significa che la formazione la sappiamo fare. Purtroppo quando la sanit\u00e0 siciliana fa qualcosa di eccellente se ne parla sempre troppo poco\u201d.<br \/>Concentrandosi sull\u2019aspetto tecnico del soccorso, il capo del corpo sanitario dell\u2019Aeronautica militare Giuseppe Ciniglio Appiani evidenzia come \u201cle operazioni necessarie possono essere diverse: si va dal semplice trasferimento del paziente al volo con continuit\u00e0 assistenziale fino ai voli umanitari, cui si fa ricorso quando le condizioni di salute dei cittadini non consentono loro di spostarsi in aerei riservati ai civili\u201d.<br \/>Oltre al presente e al recente passato la kermesse \u00e8 stata anche un\u2019occasione per proiettarsi nel futuro del soccorso aereo, con un approfondimento su medicina aerospaziale e voli suborbitali. Inoltre tra gli strumenti destinati a scrivere la storia del settore vi sono i droni in quanto, spiega il presidente Enac Pierluigi Di Palma, \u201crappresentano un modo inedito di volare e trasportare merci: sono sicuro che potranno dare un grande contributo a un sistema che comunque con il Covid ha dimostrato grandi capacit\u00e0 di adattamento, trasformando aerei e aeroporti rispettivamente in mezzi e luoghi di soccorso\u201d. <br \/>Il rischio della diffusione di nuove varianti non lascia spazio a un abbassamento della guardia, ma per il dirigente del ministero della Salute Ulrico Angeloni \u201cil coordinamento tra le diverse forze in campo sta dando un contributo decisivo contro il virus. Questi momenti di formazione sono fondamentali proprio per farsi trovare pronti in caso di nuove emergenze\u201d.<br \/>foto xd8 Italpress<br \/>(ITALPRESS).<div id=\"div-gpt-ad-Messinaoggi.it-DSK-300x250-corpoart\" style=\"text-align:center;margin:0 auto;\"><\/div><\/p>\n<\/div>\n<div id=\"videoincontent\" style=\"clear:both\";><\/div>","protected":false},"excerpt":{"rendered":"<p>PALERMO (ITALPRESS) \u2013 Una giornata di formazione e dibattito affrontando una realt\u00e0, quella del soccorso aereo, che ha dato un contributo fondamentale nel contrasto alla pandemia e che vive un periodo di importante evoluzione grazie alle nuove tecnologie. A promuoverla l\u2019Ordine dei medici di Palermo nella sede di villa Magnisi, con la collaborazione del corpo [&hellip;]<\/p>\n","protected":false},"author":18,"featured_media":126504,"comment_status":"closed","ping_status":"closed","sticky":false,"template":"","format":"standard","meta":{"ub_ctt_via":"","_mi_skip_tracking":false},"categories":[2449],"tags":[783],"featured_image_src":"https:\/\/www.messinaoggi.it\/website\/wp-content\/uploads\/2022\/10\/20221020_0699.jpg","author_info":{"display_name":"Admin","author_link":"https:\/\/www.messinaoggi.it\/website\/author\/admin\/"},"digistream_id":0,"digistream":false,"_links":{"self":[{"href":"https:\/\/www.messinaoggi.it\/website\/wp-json\/wp\/v2\/posts\/126503"}],"collection":[{"href":"https:\/\/www.messinaoggi.it\/website\/wp-json\/wp\/v2\/posts"}],"about":[{"href":"https:\/\/www.messinaoggi.it\/website\/wp-json\/wp\/v2\/types\/post"}],"author":[{"embeddable":true,"href":"https:\/\/www.messinaoggi.it\/website\/wp-json\/wp\/v2\/users\/18"}],"replies":[{"embeddable":true,"href":"https:\/\/www.messinaoggi.it\/website\/wp-json\/wp\/v2\/comments?post=126503"}],"version-history":[{"count":0,"href":"https:\/\/www.messinaoggi.it\/website\/wp-json\/wp\/v2\/posts\/126503\/revisions"}],"wp:featuredmedia":[{"embeddable":true,"href":"https:\/\/www.messinaoggi.it\/website\/wp-json\/wp\/v2\/media\/126504"}],"wp:attachment":[{"href":"https:\/\/www.messinaoggi.it\/website\/wp-json\/wp\/v2\/media?parent=126503"}],"wp:term":[{"taxonomy":"category","embeddable":true,"href":"https:\/\/www.messinaoggi.it\/website\/wp-json\/wp\/v2\/categories?post=126503"},{"taxonomy":"post_tag","embeddable":true,"href":"https:\/\/www.messinaoggi.it\/website\/wp-json\/wp\/v2\/tags?post=126503"}],"curies":[{"name":"wp","href":"https:\/\/api.w.org\/{rel}","templated":true}]}}